{"id":1136,"date":"2014-04-01T21:47:08","date_gmt":"2014-04-01T19:47:08","guid":{"rendered":"http:\/\/jennecken.de\/?p=1136"},"modified":"2014-04-01T21:52:55","modified_gmt":"2014-04-01T19:52:55","slug":"neuer-online-dienst-buergermelder","status":"publish","type":"post","link":"https:\/\/jennecken.de\/?p=1136","title":{"rendered":"Neuer Online-Dienst: B\u00fcrgermelder"},"content":{"rendered":"<p><span style=\"line-height: 1.5em;\">Den Wiehler B\u00fcrgerinnen und B\u00fcrgern und allen, denen Wiehl am Herzen liegt, steht ab sofort ein neuer innovativer und mobiler Online-Dienst zur Verf\u00fcgung.<br \/>\n<\/span><span style=\"line-height: 1.5em;\">Mit \u201e<\/span><a style=\"line-height: 1.5em;\" href=\"https:\/\/www.buergermeldungen.com\/Wiehl\" target=\"_blank\">B\u00fcrgermeldungen<\/a><span style=\"line-height: 1.5em;\">\u201c \u00f6ffnet die Stadt einen neuen digitalen Kommunikationsweg.<!--more--> Ob \u00c4rger \u00fcber Schlagl\u00f6cher, behindertenfeindliche Gehwegkanten und Sch\u00e4den an \u00f6ffentlichen Einrichtungen, ob W\u00fcnsche oder Anregungen z.B. zum kind- und familienfreundlichen Wiehl aber auch Lob und Anerkennung \u2013 alles kann mit Bild und Text auf diesem Weg an die Stadt \u00fcbermittelt werden.<\/span><\/p>\n<p>\u00dcber folgende Internetseite k\u00f6nnen Sie uns nach vorheriger Registrierung Meldungen zukommen lassen: <a href=\"https:\/\/www.buergermeldungen.com\/Wiehl\" target=\"_blank\">https:\/\/www.buergermeldungen.com\/Wiehl<\/a><\/p>\n<p>F\u00fcr Smarthphones steht auch eine App zur Verf\u00fcgung und kann aus den jeweiligen App-Stores heruntergeladen werden.<\/p>\n<p>Weitere Info&#8217;s hierzu unter:<a href=\"http:\/\/www.wiehl.de\/aktuelles\/neuigkeiten\/nachrichten\/4054-neuer-online_dienst-der-stadt-wiehl.html\" target=\"_blank\">\u00a0wiehl.de\u00a0\u2192<\/a>\u00a0\u00a0(Beitragsquelle: www.wiehl.de)<\/p>\n","protected":false},"excerpt":{"rendered":"<p>Den Wiehler B\u00fcrgerinnen und B\u00fcrgern und allen, denen Wiehl am Herzen liegt, steht ab sofort ein neuer innovativer und mobiler Online-Dienst zur Verf\u00fcgung. Mit \u201eB\u00fcrgermeldungen\u201c \u00f6ffnet die Stadt einen neuen digitalen Kommunikationsweg.<\/p>\n","protected":false},"author":1001002,"featured_media":954,"comment_status":"closed","ping_status":"closed","sticky":false,"template":"","format":"standard","meta":{"footnotes":""},"categories":[1],"tags":[103],"class_list":["post-1136","post","type-post","status-publish","format-standard","has-post-thumbnail","hentry","category-allgemein","tag-wiehl"],"_links":{"self":[{"href":"https:\/\/jennecken.de\/index.php?rest_route=\/wp\/v2\/posts\/1136","targetHints":{"allow":["GET"]}}],"collection":[{"href":"https:\/\/jennecken.de\/index.php?rest_route=\/wp\/v2\/posts"}],"about":[{"href":"https:\/\/jennecken.de\/index.php?rest_route=\/wp\/v2\/types\/post"}],"author":[{"embeddable":true,"href":"https:\/\/jennecken.de\/index.php?rest_route=\/wp\/v2\/users\/1001002"}],"replies":[{"embeddable":true,"href":"https:\/\/jennecken.de\/index.php?rest_route=%2Fwp%2Fv2%2Fcomments&post=1136"}],"version-history":[{"count":6,"href":"https:\/\/jennecken.de\/index.php?rest_route=\/wp\/v2\/posts\/1136\/revisions"}],"predecessor-version":[{"id":1142,"href":"https:\/\/jennecken.de\/index.php?rest_route=\/wp\/v2\/posts\/1136\/revisions\/1142"}],"wp:featuredmedia":[{"embeddable":true,"href":"https:\/\/jennecken.de\/index.php?rest_route=\/wp\/v2\/media\/954"}],"wp:attachment":[{"href":"https:\/\/jennecken.de\/index.php?rest_route=%2Fwp%2Fv2%2Fmedia&parent=1136"}],"wp:term":[{"taxonomy":"category","embeddable":true,"href":"https:\/\/jennecken.de\/index.php?rest_route=%2Fwp%2Fv2%2Fcategories&post=1136"},{"taxonomy":"post_tag","embeddable":true,"href":"https:\/\/jennecken.de\/index.php?rest_route=%2Fwp%2Fv2%2Ftags&post=1136"}],"curies":[{"name":"wp","href":"https:\/\/api.w.org\/{rel}","templated":true}]}}