{"id":1144,"date":"2014-04-03T23:14:44","date_gmt":"2014-04-03T21:14:44","guid":{"rendered":"http:\/\/jennecken.de\/?p=1144"},"modified":"2014-04-03T23:17:48","modified_gmt":"2014-04-03T21:17:48","slug":"bequemer-einkaufen-in-wiehl","status":"publish","type":"post","link":"https:\/\/jennecken.de\/?p=1144","title":{"rendered":"Bequemer Einkaufen in Wiehl"},"content":{"rendered":"<p>Auf der Homepage der Stadt Wiehl wurde ein Bericht zur Einf\u00fchrung einer Kurzparkzone ver\u00f6ffentlicht:<\/p>\n<p>Mit der \u00c4nderung der Parkraumregelung reagieren die Verantwortlichen auf die seit l\u00e4ngerem gef\u00fchrte Diskussion<!--more--> zur Einf\u00fchrung einer sogenannten \u201eBr\u00f6tchen-Taste\u201c,die das kostenlose Kurzzeitparken zur Erledigung kleiner Besorgungen erm\u00f6glicht.<\/p>\n<p>Den offiziellen Bericht der Stadt Wiehl findet Ihr\u00a0<a href=\"http:\/\/www.wiehl.de\/aktuelles\/neuigkeiten\/nachrichten\/4057-bequemer-einkaufen-in-wiehl.html\" target=\"_blank\">&#8230;hier\u2192<\/a>.<\/p>\n","protected":false},"excerpt":{"rendered":"<p>Auf der Homepage der Stadt Wiehl wurde ein Bericht zur Einf\u00fchrung einer Kurzparkzone ver\u00f6ffentlicht: Mit der \u00c4nderung der Parkraumregelung reagieren die Verantwortlichen auf die seit l\u00e4ngerem gef\u00fchrte Diskussion<\/p>\n","protected":false},"author":1001002,"featured_media":954,"comment_status":"closed","ping_status":"closed","sticky":false,"template":"","format":"standard","meta":{"footnotes":""},"categories":[1],"tags":[],"class_list":["post-1144","post","type-post","status-publish","format-standard","has-post-thumbnail","hentry","category-allgemein"],"_links":{"self":[{"href":"https:\/\/jennecken.de\/index.php?rest_route=\/wp\/v2\/posts\/1144","targetHints":{"allow":["GET"]}}],"collection":[{"href":"https:\/\/jennecken.de\/index.php?rest_route=\/wp\/v2\/posts"}],"about":[{"href":"https:\/\/jennecken.de\/index.php?rest_route=\/wp\/v2\/types\/post"}],"author":[{"embeddable":true,"href":"https:\/\/jennecken.de\/index.php?rest_route=\/wp\/v2\/users\/1001002"}],"replies":[{"embeddable":true,"href":"https:\/\/jennecken.de\/index.php?rest_route=%2Fwp%2Fv2%2Fcomments&post=1144"}],"version-history":[{"count":4,"href":"https:\/\/jennecken.de\/index.php?rest_route=\/wp\/v2\/posts\/1144\/revisions"}],"predecessor-version":[{"id":1148,"href":"https:\/\/jennecken.de\/index.php?rest_route=\/wp\/v2\/posts\/1144\/revisions\/1148"}],"wp:featuredmedia":[{"embeddable":true,"href":"https:\/\/jennecken.de\/index.php?rest_route=\/wp\/v2\/media\/954"}],"wp:attachment":[{"href":"https:\/\/jennecken.de\/index.php?rest_route=%2Fwp%2Fv2%2Fmedia&parent=1144"}],"wp:term":[{"taxonomy":"category","embeddable":true,"href":"https:\/\/jennecken.de\/index.php?rest_route=%2Fwp%2Fv2%2Fcategories&post=1144"},{"taxonomy":"post_tag","embeddable":true,"href":"https:\/\/jennecken.de\/index.php?rest_route=%2Fwp%2Fv2%2Ftags&post=1144"}],"curies":[{"name":"wp","href":"https:\/\/api.w.org\/{rel}","templated":true}]}}