{"id":1150,"date":"2014-04-10T23:14:35","date_gmt":"2014-04-10T21:14:35","guid":{"rendered":"http:\/\/jennecken.de\/?p=1150"},"modified":"2014-04-10T23:14:35","modified_gmt":"2014-04-10T21:14:35","slug":"einladung-zur-erntewagen-besprechung","status":"publish","type":"post","link":"https:\/\/jennecken.de\/?p=1150","title":{"rendered":"Einladung zur Erntewagen-Besprechung"},"content":{"rendered":"<p>Am <b>Mittwoch<\/b> dem <b>07.05.2014<\/b> treffen wir uns um <b>19 Uhr im Dorfhaus<\/b> zur Erntewagen-Besprechung. Nach mehr als 12 Jahren soll es endlich wieder einen <i>Jennecker- Erntewagen<\/i> geben und damit eine alte Tradition wiederbelebt werden!<\/p>\n<p><b>Wir laden alle Jennecker ein sich hieran zu beteiligen!<\/b> <!--more-->Das f\u00f6rdert die Gemeinschaft und macht zudem noch eine Menge Spa\u00df!<\/p>\n<figure style=\"width: 300px\" class=\"wp-caption alignleft\"><img loading=\"lazy\" decoding=\"async\" class=\"  \" alt=\"\" src=\"https:\/\/jennecken.de\/wp-content\/uploads\/wppa\/1787.jpg?ver=1\" width=\"300\" height=\"225\" \/><figcaption class=\"wp-caption-text\">Jennecker Erntewagen aus 2001<\/figcaption><\/figure>\n<p>Wir wollen an diesem Abend Ideen sammeln, was f\u00fcr einen Erntewagen gebaut wird. \u00a0Wer stellt einen \u00a0Trecker und wer einen Anh\u00e4nger zur Verf\u00fcgung?<br \/>\nZudem muss festgelegt werden, welche Sachen daf\u00fcr ben\u00f6tigt und angeschafft werden m\u00fcssen, denn von den alten Materialien ist nichts mehr vorhanden!<\/p>\n<p>Nur bei einer entsprechenden Beteiligung k\u00f6nnen wir den Wagen bauen. Wer an diesem Abend verhindert ist, aber beim Erntewagenbau dabei sein m\u00f6chte, sollte sich beim Vorstand melden. <b>Kommt und macht alle mit, egal ob alt oder jung!<\/b><\/p>\n<p>&nbsp;<\/p>\n<p>Der Ernteumzug findet dieses Jahr am 14.09.2014 statt.\u00a0 D. h., dass in der Woche vom 08.09. bis 13.09.2014 der Wagen gebaut wird.<\/p>\n<p><span style=\"text-decoration: underline;\">Anmeldung zur Teilnahme unter:<\/span><br \/>\n<a href=\"mailto:vorstand@jennecken.de\">vorstand@jennecken.de<\/a> oder\u00a0telefonisch unter 691401 (Ingo Kr\u00e4mer)<\/p>\n","protected":false},"excerpt":{"rendered":"<p>Am Mittwoch dem 07.05.2014 treffen wir uns um 19 Uhr im Dorfhaus zur Erntewagen-Besprechung. Nach mehr als 12 Jahren soll es endlich wieder einen Jennecker- Erntewagen geben und damit eine alte Tradition wiederbelebt werden! Wir laden alle Jennecker ein sich hieran zu beteiligen!<\/p>\n","protected":false},"author":1001002,"featured_media":1126,"comment_status":"closed","ping_status":"closed","sticky":false,"template":"","format":"standard","meta":{"footnotes":""},"categories":[8],"tags":[23,105,22,104],"class_list":["post-1150","post","type-post","status-publish","format-standard","has-post-thumbnail","hentry","category-termine-und-einladungen","tag-drabenderhoehe","tag-erntefest","tag-ernteverein","tag-erntewagen"],"_links":{"self":[{"href":"https:\/\/jennecken.de\/index.php?rest_route=\/wp\/v2\/posts\/1150","targetHints":{"allow":["GET"]}}],"collection":[{"href":"https:\/\/jennecken.de\/index.php?rest_route=\/wp\/v2\/posts"}],"about":[{"href":"https:\/\/jennecken.de\/index.php?rest_route=\/wp\/v2\/types\/post"}],"author":[{"embeddable":true,"href":"https:\/\/jennecken.de\/index.php?rest_route=\/wp\/v2\/users\/1001002"}],"replies":[{"embeddable":true,"href":"https:\/\/jennecken.de\/index.php?rest_route=%2Fwp%2Fv2%2Fcomments&post=1150"}],"version-history":[{"count":10,"href":"https:\/\/jennecken.de\/index.php?rest_route=\/wp\/v2\/posts\/1150\/revisions"}],"predecessor-version":[{"id":1175,"href":"https:\/\/jennecken.de\/index.php?rest_route=\/wp\/v2\/posts\/1150\/revisions\/1175"}],"wp:featuredmedia":[{"embeddable":true,"href":"https:\/\/jennecken.de\/index.php?rest_route=\/wp\/v2\/media\/1126"}],"wp:attachment":[{"href":"https:\/\/jennecken.de\/index.php?rest_route=%2Fwp%2Fv2%2Fmedia&parent=1150"}],"wp:term":[{"taxonomy":"category","embeddable":true,"href":"https:\/\/jennecken.de\/index.php?rest_route=%2Fwp%2Fv2%2Fcategories&post=1150"},{"taxonomy":"post_tag","embeddable":true,"href":"https:\/\/jennecken.de\/index.php?rest_route=%2Fwp%2Fv2%2Ftags&post=1150"}],"curies":[{"name":"wp","href":"https:\/\/api.w.org\/{rel}","templated":true}]}}