{"id":1165,"date":"2014-04-08T23:06:56","date_gmt":"2014-04-08T21:06:56","guid":{"rendered":"http:\/\/jennecken.de\/?p=1165"},"modified":"2014-04-09T14:04:44","modified_gmt":"2014-04-09T12:04:44","slug":"bilder-vom-aktionstag-saubere-landschaft","status":"publish","type":"post","link":"https:\/\/jennecken.de\/?p=1165","title":{"rendered":"Bilder vom Aktionstag Saubere Landschaft"},"content":{"rendered":"<p><img loading=\"lazy\" decoding=\"async\" class=\"alignleft\" alt=\"\" src=\"https:\/\/jennecken.de\/wp-content\/uploads\/wppa\/1792.jpg?ver=1\" width=\"384\" height=\"288\" \/>Am Samstag dem 05.04.2014 fand der Aktionstag Saubere Landschaft, der Jennecker Fr\u00fchjahrsputz, statt.<\/p>\n<p>Neben dem Aufr\u00e4umen des Spielplatzes und dem M\u00fcll einsammeln um Jennecken, wurden zur St\u00e4rkung der Helfer W\u00fcrstchen gegrillt.<!--more--><\/p>\n<p>Alle Bilder hierzu findet Ihr in unserer aktuellen\u00a0<a title=\"Fotogalerie 2014\" href=\"https:\/\/jennecken.de\/?page_id=1158\">Fotoagalerie<\/a>.<\/p>\n","protected":false},"excerpt":{"rendered":"<p>Am Samstag dem 05.04.2014 fand der Aktionstag Saubere Landschaft, der Jennecker Fr\u00fchjahrsputz, statt. Neben dem Aufr\u00e4umen des Spielplatzes und dem M\u00fcll einsammeln um Jennecken, wurden zur St\u00e4rkung der Helfer W\u00fcrstchen gegrillt.<\/p>\n","protected":false},"author":1001002,"featured_media":1059,"comment_status":"closed","ping_status":"closed","sticky":false,"template":"","format":"standard","meta":{"footnotes":""},"categories":[4],"tags":[],"class_list":["post-1165","post","type-post","status-publish","format-standard","has-post-thumbnail","hentry","category-neues-aus-jennecken"],"_links":{"self":[{"href":"https:\/\/jennecken.de\/index.php?rest_route=\/wp\/v2\/posts\/1165","targetHints":{"allow":["GET"]}}],"collection":[{"href":"https:\/\/jennecken.de\/index.php?rest_route=\/wp\/v2\/posts"}],"about":[{"href":"https:\/\/jennecken.de\/index.php?rest_route=\/wp\/v2\/types\/post"}],"author":[{"embeddable":true,"href":"https:\/\/jennecken.de\/index.php?rest_route=\/wp\/v2\/users\/1001002"}],"replies":[{"embeddable":true,"href":"https:\/\/jennecken.de\/index.php?rest_route=%2Fwp%2Fv2%2Fcomments&post=1165"}],"version-history":[{"count":8,"href":"https:\/\/jennecken.de\/index.php?rest_route=\/wp\/v2\/posts\/1165\/revisions"}],"predecessor-version":[{"id":1174,"href":"https:\/\/jennecken.de\/index.php?rest_route=\/wp\/v2\/posts\/1165\/revisions\/1174"}],"wp:featuredmedia":[{"embeddable":true,"href":"https:\/\/jennecken.de\/index.php?rest_route=\/wp\/v2\/media\/1059"}],"wp:attachment":[{"href":"https:\/\/jennecken.de\/index.php?rest_route=%2Fwp%2Fv2%2Fmedia&parent=1165"}],"wp:term":[{"taxonomy":"category","embeddable":true,"href":"https:\/\/jennecken.de\/index.php?rest_route=%2Fwp%2Fv2%2Fcategories&post=1165"},{"taxonomy":"post_tag","embeddable":true,"href":"https:\/\/jennecken.de\/index.php?rest_route=%2Fwp%2Fv2%2Ftags&post=1165"}],"curies":[{"name":"wp","href":"https:\/\/api.w.org\/{rel}","templated":true}]}}