{"id":1213,"date":"2014-05-06T09:13:29","date_gmt":"2014-05-06T07:13:29","guid":{"rendered":"http:\/\/jennecken.de\/?p=1213"},"modified":"2014-05-06T09:14:26","modified_gmt":"2014-05-06T07:14:26","slug":"oberberg-aktuell-unterholz-brannte-lichterloh","status":"publish","type":"post","link":"https:\/\/jennecken.de\/?p=1213","title":{"rendered":"Oberberg-Aktuell:\u00a0Unterholz brannte lichterloh"},"content":{"rendered":"<p>In einem Waldgebiet bei Jennecken stand am Mittag eine 1.500 Quadratmeter gro\u00dfe Fl\u00e4che in Flammen.<\/p>\n<p>Die Feuerwehrleute in Drabenderh\u00f6he und Bielstein-Weiershagen werden aktuell gefordert. Nach dem Gro\u00dfbrand am Wochenende, <!--more-->als eine Scheune niederbrannte, mussten die Wehrm\u00e4nnerunter der Leitung von Andr\u00e9 Denni am heutigen Montag erneut zu einem Brandeinsatz ausr\u00fccken.<\/p>\n<p>Den vollst\u00e4ndigen Bericht mit Bildern findet Ihr <a href=\"http:\/\/www.oberberg-aktuell.de\/index.php?id=70&amp;tx_ttnews[tt_news]=156966&amp;cHash=c3b35a478b\" target=\"_blank\">&#8230;hier\u2192<\/a>\u00a0(Oberberg-Aktuell).<a href=\"http:\/\/www.oberberg-aktuell.de\/index.php?id=70&amp;tx_ttnewstt_news=156966&amp;cHash=c3b35a478b\"><br \/>\n<\/a><\/p>\n","protected":false},"excerpt":{"rendered":"<p>In einem Waldgebiet bei Jennecken stand am Mittag eine 1.500 Quadratmeter gro\u00dfe Fl\u00e4che in Flammen. Die Feuerwehrleute in Drabenderh\u00f6he und Bielstein-Weiershagen werden aktuell gefordert. Nach dem Gro\u00dfbrand am Wochenende,<\/p>\n","protected":false},"author":1001002,"featured_media":0,"comment_status":"closed","ping_status":"closed","sticky":false,"template":"","format":"standard","meta":{"footnotes":""},"categories":[4],"tags":[],"class_list":["post-1213","post","type-post","status-publish","format-standard","hentry","category-neues-aus-jennecken"],"_links":{"self":[{"href":"https:\/\/jennecken.de\/index.php?rest_route=\/wp\/v2\/posts\/1213","targetHints":{"allow":["GET"]}}],"collection":[{"href":"https:\/\/jennecken.de\/index.php?rest_route=\/wp\/v2\/posts"}],"about":[{"href":"https:\/\/jennecken.de\/index.php?rest_route=\/wp\/v2\/types\/post"}],"author":[{"embeddable":true,"href":"https:\/\/jennecken.de\/index.php?rest_route=\/wp\/v2\/users\/1001002"}],"replies":[{"embeddable":true,"href":"https:\/\/jennecken.de\/index.php?rest_route=%2Fwp%2Fv2%2Fcomments&post=1213"}],"version-history":[{"count":5,"href":"https:\/\/jennecken.de\/index.php?rest_route=\/wp\/v2\/posts\/1213\/revisions"}],"predecessor-version":[{"id":1218,"href":"https:\/\/jennecken.de\/index.php?rest_route=\/wp\/v2\/posts\/1213\/revisions\/1218"}],"wp:attachment":[{"href":"https:\/\/jennecken.de\/index.php?rest_route=%2Fwp%2Fv2%2Fmedia&parent=1213"}],"wp:term":[{"taxonomy":"category","embeddable":true,"href":"https:\/\/jennecken.de\/index.php?rest_route=%2Fwp%2Fv2%2Fcategories&post=1213"},{"taxonomy":"post_tag","embeddable":true,"href":"https:\/\/jennecken.de\/index.php?rest_route=%2Fwp%2Fv2%2Ftags&post=1213"}],"curies":[{"name":"wp","href":"https:\/\/api.w.org\/{rel}","templated":true}]}}