{"id":1271,"date":"2014-05-22T22:42:30","date_gmt":"2014-05-22T20:42:30","guid":{"rendered":"http:\/\/jennecken.de\/?p=1271"},"modified":"2014-05-22T22:43:10","modified_gmt":"2014-05-22T20:43:10","slug":"neue-wiehl-app-fuers-smartphone","status":"publish","type":"post","link":"https:\/\/jennecken.de\/?p=1271","title":{"rendered":"Neue Wiehl-App f\u00fcrs Smartphone"},"content":{"rendered":"<p>Die Stadt Wiehl verf\u00fcgt nun \u00fcber eine stadteigene App f\u00fcrs Smartphone. Die Vorstellung erfolgte am 14. Mai 2014 in einer gemeinsamen Presseerkl\u00e4rung der FH Gummersbach, der Stadt Wiehl und des IT-Entwicklers Damian Gawenda.<!--more--><\/p>\n<p>Die Stadt m\u00f6chte mit dieser Neuentwicklung ein Zeichen setzen, dass sie dem Trend moderner digitaler Kommunikations- und Informationssysteme folgen m\u00f6chte.<\/p>\n<p>Den ganzen Beitrag und Download-Links findet Ihr unter:<a href=\"http:\/\/www.wiehl.de\/aktuelles\/neuigkeiten\/nachrichten\/4130-die-neue-wiehl_app-fuers-smartphone.html\" target=\"_blank\">\u00a0wiehl.de\u00a0\u2192<\/a>\u00a0\u00a0(Beitragsquelle: www.wiehl.de)<\/p>\n<p>&nbsp;<\/p>\n","protected":false},"excerpt":{"rendered":"<p>Die Stadt Wiehl verf\u00fcgt nun \u00fcber eine stadteigene App f\u00fcrs Smartphone. Die Vorstellung erfolgte am 14. Mai 2014 in einer gemeinsamen Presseerkl\u00e4rung der FH Gummersbach, der Stadt Wiehl und des IT-Entwicklers Damian Gawenda.<\/p>\n","protected":false},"author":1001002,"featured_media":954,"comment_status":"closed","ping_status":"closed","sticky":false,"template":"","format":"standard","meta":{"footnotes":""},"categories":[1],"tags":[103,41],"class_list":["post-1271","post","type-post","status-publish","format-standard","has-post-thumbnail","hentry","category-allgemein","tag-wiehl","tag-wiehl-app"],"_links":{"self":[{"href":"https:\/\/jennecken.de\/index.php?rest_route=\/wp\/v2\/posts\/1271","targetHints":{"allow":["GET"]}}],"collection":[{"href":"https:\/\/jennecken.de\/index.php?rest_route=\/wp\/v2\/posts"}],"about":[{"href":"https:\/\/jennecken.de\/index.php?rest_route=\/wp\/v2\/types\/post"}],"author":[{"embeddable":true,"href":"https:\/\/jennecken.de\/index.php?rest_route=\/wp\/v2\/users\/1001002"}],"replies":[{"embeddable":true,"href":"https:\/\/jennecken.de\/index.php?rest_route=%2Fwp%2Fv2%2Fcomments&post=1271"}],"version-history":[{"count":5,"href":"https:\/\/jennecken.de\/index.php?rest_route=\/wp\/v2\/posts\/1271\/revisions"}],"predecessor-version":[{"id":1276,"href":"https:\/\/jennecken.de\/index.php?rest_route=\/wp\/v2\/posts\/1271\/revisions\/1276"}],"wp:featuredmedia":[{"embeddable":true,"href":"https:\/\/jennecken.de\/index.php?rest_route=\/wp\/v2\/media\/954"}],"wp:attachment":[{"href":"https:\/\/jennecken.de\/index.php?rest_route=%2Fwp%2Fv2%2Fmedia&parent=1271"}],"wp:term":[{"taxonomy":"category","embeddable":true,"href":"https:\/\/jennecken.de\/index.php?rest_route=%2Fwp%2Fv2%2Fcategories&post=1271"},{"taxonomy":"post_tag","embeddable":true,"href":"https:\/\/jennecken.de\/index.php?rest_route=%2Fwp%2Fv2%2Ftags&post=1271"}],"curies":[{"name":"wp","href":"https:\/\/api.w.org\/{rel}","templated":true}]}}