{"id":1316,"date":"2014-06-13T09:18:34","date_gmt":"2014-06-13T07:18:34","guid":{"rendered":"http:\/\/jennecken.de\/?p=1316"},"modified":"2014-06-13T09:18:34","modified_gmt":"2014-06-13T07:18:34","slug":"buergerforum-wiehl","status":"publish","type":"post","link":"https:\/\/jennecken.de\/?p=1316","title":{"rendered":"B\u00fcrgerForum Wiehl"},"content":{"rendered":"<p><img loading=\"lazy\" decoding=\"async\" class=\"alignleft size-full wp-image-1317\" alt=\"b_forum\" src=\"https:\/\/jennecken.de\/wp-content\/uploads\/2014\/06\/b_forum.jpg\" width=\"200\" height=\"279\" \/>Das B\u00fcrgerForum Wiehl ist eine neue Form der B\u00fcrgerbeteiligung. B\u00fcrgerinnen und B\u00fcrgern ab 16 Jahren (ausgenommen Vertreter aus Politik und Verwaltung) wird damit die M\u00f6glichkeit gegeben, an politischen <!--more-->Entscheidungsprozessen aktiv mitzuwirken.<\/p>\n<p>Gleichzeitig erm\u00f6glicht es den Entscheidungstr\u00e4gern aus Politik und Verwaltung, die Ideen der B\u00fcrgerinnen und B\u00fcrger in ihre Arbeit einflie\u00dfen zu lassen.<\/p>\n<p>N\u00e4here Informationen findet Ihr unter:<a href=\"http:\/\/www.wiehl.de\/aktuelles\/neuigkeiten\/nachrichten\/4136-buergerforum-wiehl-aktiv-zukunft.html\" target=\"_blank\">\u00a0www.wiehl.de\u00a0\u2192<\/a><\/p>\n","protected":false},"excerpt":{"rendered":"<p>Das B\u00fcrgerForum Wiehl ist eine neue Form der B\u00fcrgerbeteiligung. B\u00fcrgerinnen und B\u00fcrgern ab 16 Jahren (ausgenommen Vertreter aus Politik und Verwaltung) wird damit die M\u00f6glichkeit gegeben, an politischen<\/p>\n","protected":false},"author":1001002,"featured_media":954,"comment_status":"closed","ping_status":"closed","sticky":false,"template":"","format":"standard","meta":{"footnotes":""},"categories":[1],"tags":[],"class_list":["post-1316","post","type-post","status-publish","format-standard","has-post-thumbnail","hentry","category-allgemein"],"_links":{"self":[{"href":"https:\/\/jennecken.de\/index.php?rest_route=\/wp\/v2\/posts\/1316","targetHints":{"allow":["GET"]}}],"collection":[{"href":"https:\/\/jennecken.de\/index.php?rest_route=\/wp\/v2\/posts"}],"about":[{"href":"https:\/\/jennecken.de\/index.php?rest_route=\/wp\/v2\/types\/post"}],"author":[{"embeddable":true,"href":"https:\/\/jennecken.de\/index.php?rest_route=\/wp\/v2\/users\/1001002"}],"replies":[{"embeddable":true,"href":"https:\/\/jennecken.de\/index.php?rest_route=%2Fwp%2Fv2%2Fcomments&post=1316"}],"version-history":[{"count":4,"href":"https:\/\/jennecken.de\/index.php?rest_route=\/wp\/v2\/posts\/1316\/revisions"}],"predecessor-version":[{"id":1321,"href":"https:\/\/jennecken.de\/index.php?rest_route=\/wp\/v2\/posts\/1316\/revisions\/1321"}],"wp:featuredmedia":[{"embeddable":true,"href":"https:\/\/jennecken.de\/index.php?rest_route=\/wp\/v2\/media\/954"}],"wp:attachment":[{"href":"https:\/\/jennecken.de\/index.php?rest_route=%2Fwp%2Fv2%2Fmedia&parent=1316"}],"wp:term":[{"taxonomy":"category","embeddable":true,"href":"https:\/\/jennecken.de\/index.php?rest_route=%2Fwp%2Fv2%2Fcategories&post=1316"},{"taxonomy":"post_tag","embeddable":true,"href":"https:\/\/jennecken.de\/index.php?rest_route=%2Fwp%2Fv2%2Ftags&post=1316"}],"curies":[{"name":"wp","href":"https:\/\/api.w.org\/{rel}","templated":true}]}}