{"id":1375,"date":"2014-07-05T12:06:55","date_gmt":"2014-07-05T10:06:55","guid":{"rendered":"http:\/\/jennecken.de\/?p=1375"},"modified":"2014-07-06T17:16:14","modified_gmt":"2014-07-06T15:16:14","slug":"musiktipp-benjrose-veroeffentlicht-debuetalbum","status":"publish","type":"post","link":"https:\/\/jennecken.de\/?p=1375","title":{"rendered":"Musiktipp: BenjRose ver\u00f6ffentlicht Deb\u00fctalbum"},"content":{"rendered":"<figure id=\"attachment_1374\" aria-describedby=\"caption-attachment-1374\" style=\"width: 300px\" class=\"wp-caption alignleft\"><img loading=\"lazy\" decoding=\"async\" class=\"wp-image-1374 size-full\" src=\"https:\/\/jennecken.de\/wp-content\/uploads\/2014\/07\/Band.jpg\" alt=\"von rechts: Robert Schuller (Drabenderh\u00f6he), Benjamin Rose, Alex Auer (aus der Band von Xavier Naidoo), Benno M\u00fcller vom Hofe\" width=\"300\" height=\"200\" \/><figcaption id=\"caption-attachment-1374\" class=\"wp-caption-text\">von links: Robert Schuller, Benjamin Rose, Alex Auer, Benno M\u00fcller vom Hofe<\/figcaption><\/figure>\n<p>BenjRose, das ist eine Band rund um den S\u00e4nger Benjamin Rose aus K\u00f6ln und den Gitarristen Robert Schuller aus Drabenderh\u00f6he, die schon lange vor Ver\u00f6ffentlichung ihres\u00a0Deb\u00fct-Albums\u00a0f\u00fcr reichlich Furore sorgte, <!--more-->u. a. durch Auftritte bei\u00a0HR3@night oder als Vorgruppe von\u00a0P!NK. Zur Band geh\u00f6ren noch Benno M\u00fcller vom Hofe und Alex Auer, der auch Mitglied in der der Band von Xavier Naidoo ist.<\/p>\n<p>Jetzt haben die Musiker ihr erstes eigenes Album ver\u00f6ffentlicht.<\/p>\n<p>Wer Interesse an guter Rockmusik hat, kann die CD im <a href=\"http:\/\/www.benjrose.com\/home\/\" target=\"_blank\">Onlineshop\u2192<\/a> der Band bestellen. Unsere Vereinsmitglieder haben die M\u00f6glichkeit die CD unter <a href=\"mailto:vorstand@jennecken.de\" target=\"_blank\">vorstand@jennecken.de<\/a> portofrei zu bestellen.<\/p>\n<p>&nbsp;<\/p>\n<p>Weiter Info&#8217;s und Videos \u00fcber BenjRose findet Ihr\u00a0auf\u00a0<a href=\"https:\/\/www.facebook.com\/pages\/BenjRose\/123643487719745?focus_composer=true&amp;ref_type=bookmark\" target=\"_blank\">Facebook\u2192<\/a> oder auf\u00a0Youtube\u2192 (<a href=\"http:\/\/www.youtube.com\/watch?v=2ApYGMfCg3U\" target=\"_blank\">Video 1<\/a>,\u00a0<a href=\"http:\/\/www.youtube.com\/watch?v=g9hqGuIcTmw\" target=\"_blank\">Video 2<\/a>,\u00a0<a href=\"http:\/\/www.youtube.com\/watch?v=iPMnQd4vN0c\" target=\"_blank\">Video 3<\/a>,\u00a0<a href=\"http:\/\/www.youtube.com\/watch?v=mH5wWxfU17w\" target=\"_blank\">Video 4<\/a>,\u00a0<a href=\"http:\/\/www.youtube.com\/watch?v=cWcRysnZu1c\" target=\"_blank\">Video 5<\/a>)<\/p>\n<pre>Alle Bilder und Links mit Genehmigung von BenjRose.<\/pre>\n","protected":false},"excerpt":{"rendered":"<p>BenjRose, das ist eine Band rund um den S\u00e4nger Benjamin Rose aus K\u00f6ln und den Gitarristen Robert Schuller aus Drabenderh\u00f6he, die schon lange vor Ver\u00f6ffentlichung ihres\u00a0Deb\u00fct-Albums\u00a0f\u00fcr reichlich Furore sorgte,<\/p>\n","protected":false},"author":1001002,"featured_media":1373,"comment_status":"closed","ping_status":"closed","sticky":false,"template":"","format":"standard","meta":{"footnotes":""},"categories":[1],"tags":[42,23,43],"class_list":["post-1375","post","type-post","status-publish","format-standard","has-post-thumbnail","hentry","category-allgemein","tag-benjrose","tag-drabenderhoehe","tag-musiktipp"],"_links":{"self":[{"href":"https:\/\/jennecken.de\/index.php?rest_route=\/wp\/v2\/posts\/1375","targetHints":{"allow":["GET"]}}],"collection":[{"href":"https:\/\/jennecken.de\/index.php?rest_route=\/wp\/v2\/posts"}],"about":[{"href":"https:\/\/jennecken.de\/index.php?rest_route=\/wp\/v2\/types\/post"}],"author":[{"embeddable":true,"href":"https:\/\/jennecken.de\/index.php?rest_route=\/wp\/v2\/users\/1001002"}],"replies":[{"embeddable":true,"href":"https:\/\/jennecken.de\/index.php?rest_route=%2Fwp%2Fv2%2Fcomments&post=1375"}],"version-history":[{"count":19,"href":"https:\/\/jennecken.de\/index.php?rest_route=\/wp\/v2\/posts\/1375\/revisions"}],"predecessor-version":[{"id":1394,"href":"https:\/\/jennecken.de\/index.php?rest_route=\/wp\/v2\/posts\/1375\/revisions\/1394"}],"wp:featuredmedia":[{"embeddable":true,"href":"https:\/\/jennecken.de\/index.php?rest_route=\/wp\/v2\/media\/1373"}],"wp:attachment":[{"href":"https:\/\/jennecken.de\/index.php?rest_route=%2Fwp%2Fv2%2Fmedia&parent=1375"}],"wp:term":[{"taxonomy":"category","embeddable":true,"href":"https:\/\/jennecken.de\/index.php?rest_route=%2Fwp%2Fv2%2Fcategories&post=1375"},{"taxonomy":"post_tag","embeddable":true,"href":"https:\/\/jennecken.de\/index.php?rest_route=%2Fwp%2Fv2%2Ftags&post=1375"}],"curies":[{"name":"wp","href":"https:\/\/api.w.org\/{rel}","templated":true}]}}