{"id":1409,"date":"2014-08-03T19:40:52","date_gmt":"2014-08-03T17:40:52","guid":{"rendered":"http:\/\/jennecken.de\/?p=1409"},"modified":"2014-08-19T22:43:35","modified_gmt":"2014-08-19T20:43:35","slug":"goldhochzeit-karin-helmut-knecht","status":"publish","type":"post","link":"https:\/\/jennecken.de\/?p=1409","title":{"rendered":"Goldhochzeit Karin &#038; Helmut Knecht"},"content":{"rendered":"<p>Am 28. August feiern Karin und Helmut Knecht ihre Goldene Hochzeit. Anl\u00e4sslich der Feierlichkeiten f\u00fcr das Goldhochzeitspaar treffen wir uns an folgenden Terminen:<!--more--><\/p>\n<p>Montag 18.08.14 &#8211; 18 Uhr &#8211; Ausmessen bei Fam. Knecht (Treffen bei Fam. Str\u00e4\u00dfer)<\/p>\n<p>Mittwoch\u00a0&#8211; 16 Uhr\u00a0&#8211; Reiser holen<\/p>\n<p>Donnerstag\u00a021.08.14 &#8211; 18 Uhr &#8211; Kranzbinden bei Fam. Str\u00e4\u00dfer \u00a0(weitere Termine werden noch vereinbart)<\/p>\n<p>Samstag 23.08.14 &#8211; Treffen bei Fam. Str\u00e4\u00dfer anschl. Abmarsch zum Haus und Hof bekr\u00e4nzen<\/p>\n<p><strong>Das Goldhochzeitspaar l\u00e4dt anschlie\u00dfend alle Jennecker in unser Dorfhaus zum gem\u00fctlichen Umtrunk ein.<\/strong><\/p>\n","protected":false},"excerpt":{"rendered":"<p>Am 28. August feiern Karin und Helmut Knecht ihre Goldene Hochzeit. Anl\u00e4sslich der Feierlichkeiten f\u00fcr das Goldhochzeitspaar treffen wir uns an folgenden Terminen:<\/p>\n","protected":false},"author":1001002,"featured_media":1408,"comment_status":"closed","ping_status":"closed","sticky":false,"template":"","format":"standard","meta":{"footnotes":""},"categories":[4],"tags":[],"class_list":["post-1409","post","type-post","status-publish","format-standard","has-post-thumbnail","hentry","category-neues-aus-jennecken"],"_links":{"self":[{"href":"https:\/\/jennecken.de\/index.php?rest_route=\/wp\/v2\/posts\/1409","targetHints":{"allow":["GET"]}}],"collection":[{"href":"https:\/\/jennecken.de\/index.php?rest_route=\/wp\/v2\/posts"}],"about":[{"href":"https:\/\/jennecken.de\/index.php?rest_route=\/wp\/v2\/types\/post"}],"author":[{"embeddable":true,"href":"https:\/\/jennecken.de\/index.php?rest_route=\/wp\/v2\/users\/1001002"}],"replies":[{"embeddable":true,"href":"https:\/\/jennecken.de\/index.php?rest_route=%2Fwp%2Fv2%2Fcomments&post=1409"}],"version-history":[{"count":10,"href":"https:\/\/jennecken.de\/index.php?rest_route=\/wp\/v2\/posts\/1409\/revisions"}],"predecessor-version":[{"id":1446,"href":"https:\/\/jennecken.de\/index.php?rest_route=\/wp\/v2\/posts\/1409\/revisions\/1446"}],"wp:featuredmedia":[{"embeddable":true,"href":"https:\/\/jennecken.de\/index.php?rest_route=\/wp\/v2\/media\/1408"}],"wp:attachment":[{"href":"https:\/\/jennecken.de\/index.php?rest_route=%2Fwp%2Fv2%2Fmedia&parent=1409"}],"wp:term":[{"taxonomy":"category","embeddable":true,"href":"https:\/\/jennecken.de\/index.php?rest_route=%2Fwp%2Fv2%2Fcategories&post=1409"},{"taxonomy":"post_tag","embeddable":true,"href":"https:\/\/jennecken.de\/index.php?rest_route=%2Fwp%2Fv2%2Ftags&post=1409"}],"curies":[{"name":"wp","href":"https:\/\/api.w.org\/{rel}","templated":true}]}}