{"id":1447,"date":"2014-08-25T21:17:36","date_gmt":"2014-08-25T19:17:36","guid":{"rendered":"http:\/\/jennecken.de\/?p=1447"},"modified":"2014-08-25T21:17:36","modified_gmt":"2014-08-25T19:17:36","slug":"bilder-vom-bekraenzen-bei-knechts","status":"publish","type":"post","link":"https:\/\/jennecken.de\/?p=1447","title":{"rendered":"Bilder vom Bekr\u00e4nzen bei Knechts"},"content":{"rendered":"<p><img decoding=\"async\" class=\"alignleft\" src=\"https:\/\/jennecken.de\/wp-content\/uploads\/wppa\/1847.jpg?ver=1\" alt=\"\" width=\"300\" \/>Am Samstag, dem 23. August, wurde anl\u00e4sslich der Goldenen Hochzeit von Helmut und Karin Knecht die T\u00fcre bekr\u00e4nzt.<br \/>\nAnschlie\u00dfend lud das Goldpaar ins Dorfhaus zu einer gemeinsamen Feier ein.<!--more--><\/p>\n<p>Wir w\u00fcnschen Helmut und Karin alles Gute und bedanken uns f\u00fcr die sch\u00f6ne Feier!<\/p>\n<p>Weitere Bilder findet Ihr<a href=\"https:\/\/jennecken.de\/?page_id=1158&amp;wppa-album=103&amp;wppa-cover=0&amp;wppa-occur=1\"> &#8230;hier\u00bb<\/a> in unserer Fotogalerie.<\/p>\n","protected":false},"excerpt":{"rendered":"<p>Am Samstag, dem 23. August, wurde anl\u00e4sslich der Goldenen Hochzeit von Helmut und Karin Knecht die T\u00fcre bekr\u00e4nzt. Anschlie\u00dfend lud das Goldpaar ins Dorfhaus zu einer gemeinsamen Feier ein.<\/p>\n","protected":false},"author":1001002,"featured_media":1453,"comment_status":"closed","ping_status":"closed","sticky":false,"template":"","format":"standard","meta":{"footnotes":""},"categories":[4],"tags":[],"class_list":["post-1447","post","type-post","status-publish","format-standard","has-post-thumbnail","hentry","category-neues-aus-jennecken"],"_links":{"self":[{"href":"https:\/\/jennecken.de\/index.php?rest_route=\/wp\/v2\/posts\/1447","targetHints":{"allow":["GET"]}}],"collection":[{"href":"https:\/\/jennecken.de\/index.php?rest_route=\/wp\/v2\/posts"}],"about":[{"href":"https:\/\/jennecken.de\/index.php?rest_route=\/wp\/v2\/types\/post"}],"author":[{"embeddable":true,"href":"https:\/\/jennecken.de\/index.php?rest_route=\/wp\/v2\/users\/1001002"}],"replies":[{"embeddable":true,"href":"https:\/\/jennecken.de\/index.php?rest_route=%2Fwp%2Fv2%2Fcomments&post=1447"}],"version-history":[{"count":6,"href":"https:\/\/jennecken.de\/index.php?rest_route=\/wp\/v2\/posts\/1447\/revisions"}],"predecessor-version":[{"id":1454,"href":"https:\/\/jennecken.de\/index.php?rest_route=\/wp\/v2\/posts\/1447\/revisions\/1454"}],"wp:featuredmedia":[{"embeddable":true,"href":"https:\/\/jennecken.de\/index.php?rest_route=\/wp\/v2\/media\/1453"}],"wp:attachment":[{"href":"https:\/\/jennecken.de\/index.php?rest_route=%2Fwp%2Fv2%2Fmedia&parent=1447"}],"wp:term":[{"taxonomy":"category","embeddable":true,"href":"https:\/\/jennecken.de\/index.php?rest_route=%2Fwp%2Fv2%2Fcategories&post=1447"},{"taxonomy":"post_tag","embeddable":true,"href":"https:\/\/jennecken.de\/index.php?rest_route=%2Fwp%2Fv2%2Ftags&post=1447"}],"curies":[{"name":"wp","href":"https:\/\/api.w.org\/{rel}","templated":true}]}}