{"id":1463,"date":"2014-09-01T21:19:44","date_gmt":"2014-09-01T19:19:44","guid":{"rendered":"http:\/\/jennecken.de\/?p=1463"},"modified":"2014-09-01T21:24:02","modified_gmt":"2014-09-01T19:24:02","slug":"ortsbegehung-unser-dorf-hat-zukunft","status":"publish","type":"post","link":"https:\/\/jennecken.de\/?p=1463","title":{"rendered":"Ortsbegehung &#8222;Unser Dorf hat Zukunft&#8220;"},"content":{"rendered":"<p><img decoding=\"async\" class=\"alignleft\" src=\"https:\/\/jennecken.de\/wp-content\/uploads\/wppa\/1852.jpg?ver=1\" alt=\"\" width=\"300\" \/>Am Donnerstag, den 28. August 2014 begr\u00fc\u00dften Hildegard Stapp und Kerstin Kr\u00e4mer die Bewertungskommission. Unter anderem geh\u00f6ren dieser der Kreisdirektor, Herr Jochen Hagt und\u00a0die stellvertretende Landr\u00e4tin, Frau Ursula Mahler an. <!--more--><br \/>\nAls Vertreter der Stadt Wiehl konnten der B\u00fcrgermeister, Herr Werner Becker-Blonigen und Herr Peter Madel begr\u00fc\u00dft werden.<\/p>\n<p>Die Kommission startete am Kinderspielplatz Richtung Gimmicker Weg, Bergweg, bewunderte die Bekr\u00e4nzung beim Goldhochzeitspaar Helmut und Karin Knecht und ging \u00fcber die Jennecker Stra\u00dfe bis fast zum Ortsausgang, drehte dort und beendete ihren Rundgang im Dorfhaus. Dort hatte Nicole Dohmgoergen eine kleine St\u00e4rkung f\u00fcr die Kommission vorbereitet, die sich anschlie\u00dfend schon wieder aus Jennecken verabschiedete.<\/p>\n<p><img decoding=\"async\" class=\"alignright\" src=\"https:\/\/jennecken.de\/wp-content\/uploads\/wppa\/1853.jpg?ver=1\" alt=\"\" width=\"250\" \/>Unterwegs wurde die Kommission von Hildegard\u00a0Stapp und Kerstin\u00a0Kr\u00e4mer \u00fcber den Ort, das Dorfleben und die Dorfgemeinschaft informiert. Die Kommission war positiv \u00fcberrascht, dass in Jennecken keine H\u00e4user leer stehen. Dar\u00fcber hinaus ist der Bau unseres Erntewagens sehr gut angekommen.<\/p>\n<p>Auch wenn Jennecken sicherlich keinen Preis gewinnen wird, ist es dennoch gut, die M\u00f6glichkeit zu nutzen, das Dorf bei solchen Wettbewerben zu pr\u00e4sentieren.<\/p>\n<p>Die Bekanntgabe der Siegerd\u00f6rfer erfolgt im November.<\/p>\n","protected":false},"excerpt":{"rendered":"<p>Am Donnerstag, den 28. August 2014 begr\u00fc\u00dften Hildegard Stapp und Kerstin Kr\u00e4mer die Bewertungskommission. Unter anderem geh\u00f6ren dieser der Kreisdirektor, Herr Jochen Hagt und\u00a0die stellvertretende Landr\u00e4tin, Frau Ursula Mahler an.<\/p>\n","protected":false},"author":1001002,"featured_media":1424,"comment_status":"closed","ping_status":"closed","sticky":false,"template":"","format":"standard","meta":{"footnotes":""},"categories":[4],"tags":[],"class_list":["post-1463","post","type-post","status-publish","format-standard","has-post-thumbnail","hentry","category-neues-aus-jennecken"],"_links":{"self":[{"href":"https:\/\/jennecken.de\/index.php?rest_route=\/wp\/v2\/posts\/1463","targetHints":{"allow":["GET"]}}],"collection":[{"href":"https:\/\/jennecken.de\/index.php?rest_route=\/wp\/v2\/posts"}],"about":[{"href":"https:\/\/jennecken.de\/index.php?rest_route=\/wp\/v2\/types\/post"}],"author":[{"embeddable":true,"href":"https:\/\/jennecken.de\/index.php?rest_route=\/wp\/v2\/users\/1001002"}],"replies":[{"embeddable":true,"href":"https:\/\/jennecken.de\/index.php?rest_route=%2Fwp%2Fv2%2Fcomments&post=1463"}],"version-history":[{"count":10,"href":"https:\/\/jennecken.de\/index.php?rest_route=\/wp\/v2\/posts\/1463\/revisions"}],"predecessor-version":[{"id":1473,"href":"https:\/\/jennecken.de\/index.php?rest_route=\/wp\/v2\/posts\/1463\/revisions\/1473"}],"wp:featuredmedia":[{"embeddable":true,"href":"https:\/\/jennecken.de\/index.php?rest_route=\/wp\/v2\/media\/1424"}],"wp:attachment":[{"href":"https:\/\/jennecken.de\/index.php?rest_route=%2Fwp%2Fv2%2Fmedia&parent=1463"}],"wp:term":[{"taxonomy":"category","embeddable":true,"href":"https:\/\/jennecken.de\/index.php?rest_route=%2Fwp%2Fv2%2Fcategories&post=1463"},{"taxonomy":"post_tag","embeddable":true,"href":"https:\/\/jennecken.de\/index.php?rest_route=%2Fwp%2Fv2%2Ftags&post=1463"}],"curies":[{"name":"wp","href":"https:\/\/api.w.org\/{rel}","templated":true}]}}