{"id":1474,"date":"2014-09-02T22:59:40","date_gmt":"2014-09-02T20:59:40","guid":{"rendered":"http:\/\/jennecken.de\/?p=1474"},"modified":"2014-09-02T22:59:40","modified_gmt":"2014-09-02T20:59:40","slug":"erste-bilder-vom-erntewagen","status":"publish","type":"post","link":"https:\/\/jennecken.de\/?p=1474","title":{"rendered":"Erste Bilder vom Erntewagen"},"content":{"rendered":"<p><img decoding=\"async\" class=\"alignleft\" src=\"https:\/\/jennecken.de\/wp-content\/uploads\/wppa\/1864.jpg?ver=1\" alt=\"\" width=\"300\" \/>Die Vorarbeiten, sprich der Grundaufbau des Erntewagens, wurden von einer kleinen Gruppe im Vorfeld durchgef\u00fchrt und sind nun erledigt.<\/p>\n<p>Beim ersten gemeinsamen Treffen am 1. September <!--more-->stattete uns das diesj\u00e4hrige <strong>Erntepaar Jana\u00a0und\u00a0Volker Stache<\/strong> direkt einen Besuch ab.<br \/>\nIm Gep\u00e4ck hatten sie eine finanzielle Unterst\u00fctzung des Erntevereins und eine &#8222;Motivationshilfe&#8220; in Form einer Kiste K\u00f6lsch.<br \/>\n<strong>Vielen Dank hierf\u00fcr!<\/strong><\/p>\n<p>Alle Bilder vom Erntewagen findet ihr <a href=\"https:\/\/jennecken.de\/?page_id=1158&amp;wppa-album=105&amp;wppa-cover=0&amp;wppa-occur=1\">&#8230;hier\u00bb<\/a> in unserer aktuellen Fotogalerie. Die n\u00e4chsten\u00a0Termine werden in unserem <a href=\"https:\/\/jennecken.de\/?page_id=328\">&#8230;Kalender\u00bb<\/a> bekannt gegeben.<\/p>\n","protected":false},"excerpt":{"rendered":"<p>Die Vorarbeiten, sprich der Grundaufbau des Erntewagens, wurden von einer kleinen Gruppe im Vorfeld durchgef\u00fchrt und sind nun erledigt. Beim ersten gemeinsamen Treffen am 1. September<\/p>\n","protected":false},"author":1001002,"featured_media":1479,"comment_status":"closed","ping_status":"closed","sticky":false,"template":"","format":"standard","meta":{"footnotes":""},"categories":[4],"tags":[],"class_list":["post-1474","post","type-post","status-publish","format-standard","has-post-thumbnail","hentry","category-neues-aus-jennecken"],"_links":{"self":[{"href":"https:\/\/jennecken.de\/index.php?rest_route=\/wp\/v2\/posts\/1474","targetHints":{"allow":["GET"]}}],"collection":[{"href":"https:\/\/jennecken.de\/index.php?rest_route=\/wp\/v2\/posts"}],"about":[{"href":"https:\/\/jennecken.de\/index.php?rest_route=\/wp\/v2\/types\/post"}],"author":[{"embeddable":true,"href":"https:\/\/jennecken.de\/index.php?rest_route=\/wp\/v2\/users\/1001002"}],"replies":[{"embeddable":true,"href":"https:\/\/jennecken.de\/index.php?rest_route=%2Fwp%2Fv2%2Fcomments&post=1474"}],"version-history":[{"count":14,"href":"https:\/\/jennecken.de\/index.php?rest_route=\/wp\/v2\/posts\/1474\/revisions"}],"predecessor-version":[{"id":1490,"href":"https:\/\/jennecken.de\/index.php?rest_route=\/wp\/v2\/posts\/1474\/revisions\/1490"}],"wp:featuredmedia":[{"embeddable":true,"href":"https:\/\/jennecken.de\/index.php?rest_route=\/wp\/v2\/media\/1479"}],"wp:attachment":[{"href":"https:\/\/jennecken.de\/index.php?rest_route=%2Fwp%2Fv2%2Fmedia&parent=1474"}],"wp:term":[{"taxonomy":"category","embeddable":true,"href":"https:\/\/jennecken.de\/index.php?rest_route=%2Fwp%2Fv2%2Fcategories&post=1474"},{"taxonomy":"post_tag","embeddable":true,"href":"https:\/\/jennecken.de\/index.php?rest_route=%2Fwp%2Fv2%2Ftags&post=1474"}],"curies":[{"name":"wp","href":"https:\/\/api.w.org\/{rel}","templated":true}]}}