{"id":1508,"date":"2014-09-15T21:51:23","date_gmt":"2014-09-15T19:51:23","guid":{"rendered":"http:\/\/jennecken.de\/?p=1508"},"modified":"2014-09-15T21:52:18","modified_gmt":"2014-09-15T19:52:18","slug":"erntefest-drabenderhoehe-bilder-vom-festumzug","status":"publish","type":"post","link":"https:\/\/jennecken.de\/?p=1508","title":{"rendered":"Erntedankfest Drabenderh\u00f6he: Bilder vom Festumzug"},"content":{"rendered":"<p>Um kurz vor 12 Uhr starteten wir in Richtung Drabenderh\u00f6he. Am Haus des diesj\u00e4hrigen Erntepaares Jana und Volker Stache konnten wir uns mit k\u00fchlen Getr\u00e4nken f\u00fcr den langen Festumzug st\u00e4rken. Mehr und mehr kam die Sonne heraus,<!--more--> so dass wir unterwegs noch ganz sch\u00f6n ins Schwitzen kamen. Nach so langen Jahren der Abwesenheit hat es wieder richtig Spa\u00df gemacht einen Wagen zu bauen und am Umzug teilzunehmen. Bis n\u00e4chstes Jahr!<\/p>\n<p><strong><img decoding=\"async\" class=\"alignleft\" src=\"https:\/\/jennecken.de\/wp-content\/uploads\/wppa\/1896.jpg?ver=1\" alt=\"\" width=\"300\" \/>Ein besonderes Dankesch\u00f6n an alle, die den Bau des Erntewagens durch Spenden unterst\u00fctzt haben<\/strong>. Danke auch an unseren <strong>Fahrer Sven<\/strong>, der nicht nur den Wagen und den Trecker zur Verf\u00fcgung gestellt hat, sondern auch auf das ein oder andere k\u00fchle K\u00f6lsch verzichten musste.<\/p>\n<p>Die Bilder vom Festumzug findet Ihr <a href=\"https:\/\/jennecken.de\/?page_id=1158&amp;wppa-album=106&amp;wppa-cover=0&amp;wppa-occur=1\">\u2026hier\u00bb<\/a> in unserer aktuellen Fotogalerie.<\/p>\n<p>Unter <a href=\"http:\/\/drabenderhoehe.de\/\" target=\"_blank\">www.drabenderhoehe.de<\/a> findet Ihr ein Video und weitere Bilder vom diesj\u00e4hrigen Erntezug.<\/p>\n","protected":false},"excerpt":{"rendered":"<p>Um kurz vor 12 Uhr starteten wir in Richtung Drabenderh\u00f6he. Am Haus des diesj\u00e4hrigen Erntepaares Jana und Volker Stache konnten wir uns mit k\u00fchlen Getr\u00e4nken f\u00fcr den langen Festumzug st\u00e4rken. Mehr und mehr kam die Sonne heraus,<\/p>\n","protected":false},"author":1001002,"featured_media":1510,"comment_status":"closed","ping_status":"closed","sticky":false,"template":"","format":"standard","meta":{"footnotes":""},"categories":[4,5],"tags":[23,46,105,45],"class_list":["post-1508","post","type-post","status-publish","format-standard","has-post-thumbnail","hentry","category-neues-aus-jennecken","category-veranstaltungen","tag-drabenderhoehe","tag-erntedankfest","tag-erntefest","tag-erntezug"],"_links":{"self":[{"href":"https:\/\/jennecken.de\/index.php?rest_route=\/wp\/v2\/posts\/1508","targetHints":{"allow":["GET"]}}],"collection":[{"href":"https:\/\/jennecken.de\/index.php?rest_route=\/wp\/v2\/posts"}],"about":[{"href":"https:\/\/jennecken.de\/index.php?rest_route=\/wp\/v2\/types\/post"}],"author":[{"embeddable":true,"href":"https:\/\/jennecken.de\/index.php?rest_route=\/wp\/v2\/users\/1001002"}],"replies":[{"embeddable":true,"href":"https:\/\/jennecken.de\/index.php?rest_route=%2Fwp%2Fv2%2Fcomments&post=1508"}],"version-history":[{"count":6,"href":"https:\/\/jennecken.de\/index.php?rest_route=\/wp\/v2\/posts\/1508\/revisions"}],"predecessor-version":[{"id":1515,"href":"https:\/\/jennecken.de\/index.php?rest_route=\/wp\/v2\/posts\/1508\/revisions\/1515"}],"wp:featuredmedia":[{"embeddable":true,"href":"https:\/\/jennecken.de\/index.php?rest_route=\/wp\/v2\/media\/1510"}],"wp:attachment":[{"href":"https:\/\/jennecken.de\/index.php?rest_route=%2Fwp%2Fv2%2Fmedia&parent=1508"}],"wp:term":[{"taxonomy":"category","embeddable":true,"href":"https:\/\/jennecken.de\/index.php?rest_route=%2Fwp%2Fv2%2Fcategories&post=1508"},{"taxonomy":"post_tag","embeddable":true,"href":"https:\/\/jennecken.de\/index.php?rest_route=%2Fwp%2Fv2%2Ftags&post=1508"}],"curies":[{"name":"wp","href":"https:\/\/api.w.org\/{rel}","templated":true}]}}