{"id":1528,"date":"2014-09-22T20:16:37","date_gmt":"2014-09-22T18:16:37","guid":{"rendered":"http:\/\/jennecken.de\/?p=1528"},"modified":"2014-09-22T20:16:37","modified_gmt":"2014-09-22T18:16:37","slug":"neuer-unterstuetzer-unseres-vereins-2","status":"publish","type":"post","link":"https:\/\/jennecken.de\/?p=1528","title":{"rendered":"Neuer Unterst\u00fctzer unseres Vereins"},"content":{"rendered":"<p><img loading=\"lazy\" decoding=\"async\" class=\"alignleft size-full wp-image-1523\" src=\"https:\/\/jennecken.de\/wp-content\/uploads\/2014\/09\/Teetaesschen.jpg\" alt=\"Teetaesschen\" width=\"210\" height=\"70\" \/><\/p>\n<p>Der Gemeinn\u00fctzige Verein Jennecken wird nun durch\u00a0<strong>Teet\u00e4sschen.de<\/strong> unterst\u00fctzt! Seit dem 1. Juli diesen Jahres ist das Fachgesch\u00e4ft f\u00fcr <strong>Tee, Pralinen und weitere Spezialit\u00e4ten<\/strong> in Hillerscheid ans\u00e4ssig.<!--more--><\/p>\n<p>Wir danken der Inhaberin Frau Barbara Mintert\u00a0f\u00fcr ihre\u00a0Unterst\u00fctzung!<\/p>\n<p>St\u00f6bert mal im Online-Shop unter\u00a0<a href=\"http:\/\/www.teetaesschen.de\/\" target=\"_blank\">www.teetaesschen.de<\/a>\u00a0oder fahrt am Besten gleich mal vorbei!<\/p>\n","protected":false},"excerpt":{"rendered":"<p>Der Gemeinn\u00fctzige Verein Jennecken wird nun durch\u00a0Teet\u00e4sschen.de unterst\u00fctzt! Seit dem 1. Juli diesen Jahres ist das Fachgesch\u00e4ft f\u00fcr Tee, Pralinen und weitere Spezialit\u00e4ten in Hillerscheid ans\u00e4ssig.<\/p>\n","protected":false},"author":1001002,"featured_media":1527,"comment_status":"closed","ping_status":"closed","sticky":false,"template":"","format":"standard","meta":{"footnotes":""},"categories":[4],"tags":[108,102,109],"class_list":["post-1528","post","type-post","status-publish","format-standard","has-post-thumbnail","hentry","category-neues-aus-jennecken","tag-hillerscheid","tag-jennecken","tag-teetaesschen"],"_links":{"self":[{"href":"https:\/\/jennecken.de\/index.php?rest_route=\/wp\/v2\/posts\/1528","targetHints":{"allow":["GET"]}}],"collection":[{"href":"https:\/\/jennecken.de\/index.php?rest_route=\/wp\/v2\/posts"}],"about":[{"href":"https:\/\/jennecken.de\/index.php?rest_route=\/wp\/v2\/types\/post"}],"author":[{"embeddable":true,"href":"https:\/\/jennecken.de\/index.php?rest_route=\/wp\/v2\/users\/1001002"}],"replies":[{"embeddable":true,"href":"https:\/\/jennecken.de\/index.php?rest_route=%2Fwp%2Fv2%2Fcomments&post=1528"}],"version-history":[{"count":16,"href":"https:\/\/jennecken.de\/index.php?rest_route=\/wp\/v2\/posts\/1528\/revisions"}],"predecessor-version":[{"id":1544,"href":"https:\/\/jennecken.de\/index.php?rest_route=\/wp\/v2\/posts\/1528\/revisions\/1544"}],"wp:featuredmedia":[{"embeddable":true,"href":"https:\/\/jennecken.de\/index.php?rest_route=\/wp\/v2\/media\/1527"}],"wp:attachment":[{"href":"https:\/\/jennecken.de\/index.php?rest_route=%2Fwp%2Fv2%2Fmedia&parent=1528"}],"wp:term":[{"taxonomy":"category","embeddable":true,"href":"https:\/\/jennecken.de\/index.php?rest_route=%2Fwp%2Fv2%2Fcategories&post=1528"},{"taxonomy":"post_tag","embeddable":true,"href":"https:\/\/jennecken.de\/index.php?rest_route=%2Fwp%2Fv2%2Ftags&post=1528"}],"curies":[{"name":"wp","href":"https:\/\/api.w.org\/{rel}","templated":true}]}}