{"id":1552,"date":"2014-10-02T20:55:02","date_gmt":"2014-10-02T18:55:02","guid":{"rendered":"http:\/\/jennecken.de\/?p=1552"},"modified":"2014-10-02T21:02:17","modified_gmt":"2014-10-02T19:02:17","slug":"jennecker-oktoberfest","status":"publish","type":"post","link":"https:\/\/jennecken.de\/?p=1552","title":{"rendered":"Jennecker Oktoberfest"},"content":{"rendered":"<p><img decoding=\"async\" class=\"alignleft\" src=\"https:\/\/jennecken.de\/wp-content\/uploads\/wppa\/91.jpg?ver=1\" alt=\"\" width=\"300\" \/>Wir m\u00f6chten das\u00a0Jahr 2014 wieder mit einem z\u00fcnftigen Oktoberfest bei Haxn und Bier abrunden. Hierzu laden wir Euch am <strong>Samstag, den 25. Oktober 2014 ab\u00a0<\/strong><strong>19:00 Uhr<\/strong> ins Dorfhaus in Jennecken ein.<!--more--><\/p>\n<p>In diesem Jahr bieten wir f\u00fcr das leibliche Wohl wahlweise folgende Speisen an:<\/p>\n<p><strong>\u2022 gro\u00dfe, bayerische Grillhaxe\/Sauerkraut\/P\u00fcree (zu je 8,50 \u20ac)<br \/>\n<\/strong><strong>\u2022 Leberk\u00e4s\/Sauerkraut\/P\u00fcree (zu je 7,00 \u20ac)<br \/>\n<\/strong><strong>\u2022 zwei Bockw\u00fcrstchen mit Kartoffelsalat (zu je 4,00 \u20ac)<\/strong><\/p>\n<p>\u00dcber eine rege Teilnahme w\u00fcrden wir uns sehr freuen. Freunde und Bekannte k\u00f6nnen gerne mitkommen (bitte bei Essensbestellung ber\u00fccksichtigen).\u00a0Trachten sind nat\u00fcrlich erw\u00fcnscht!<\/p>\n<p><strong>Um Essensanmeldung wird bis zum 18.Oktober 2014 gebeten!<\/strong> Zum Anmeldeformular <a href=\"http:\/\/www.jennecken.de\/pdf-einladungen\/2014\/Anmeldung_Oktoberfest.pdf\" target=\"_blank\">&#8230;hier\u00bb<\/a>.<\/p>\n<p>Die Einladung wird an alle Jennecker auch per Hauspost verteilt.<\/p>\n","protected":false},"excerpt":{"rendered":"<p>Wir m\u00f6chten das\u00a0Jahr 2014 wieder mit einem z\u00fcnftigen Oktoberfest bei Haxn und Bier abrunden. Hierzu laden wir Euch am Samstag, den 25. Oktober 2014 ab\u00a019:00 Uhr ins Dorfhaus in Jennecken ein.<\/p>\n","protected":false},"author":1001002,"featured_media":1518,"comment_status":"closed","ping_status":"closed","sticky":false,"template":"","format":"standard","meta":{"footnotes":""},"categories":[4,5],"tags":[],"class_list":["post-1552","post","type-post","status-publish","format-standard","has-post-thumbnail","hentry","category-neues-aus-jennecken","category-veranstaltungen"],"_links":{"self":[{"href":"https:\/\/jennecken.de\/index.php?rest_route=\/wp\/v2\/posts\/1552","targetHints":{"allow":["GET"]}}],"collection":[{"href":"https:\/\/jennecken.de\/index.php?rest_route=\/wp\/v2\/posts"}],"about":[{"href":"https:\/\/jennecken.de\/index.php?rest_route=\/wp\/v2\/types\/post"}],"author":[{"embeddable":true,"href":"https:\/\/jennecken.de\/index.php?rest_route=\/wp\/v2\/users\/1001002"}],"replies":[{"embeddable":true,"href":"https:\/\/jennecken.de\/index.php?rest_route=%2Fwp%2Fv2%2Fcomments&post=1552"}],"version-history":[{"count":22,"href":"https:\/\/jennecken.de\/index.php?rest_route=\/wp\/v2\/posts\/1552\/revisions"}],"predecessor-version":[{"id":1590,"href":"https:\/\/jennecken.de\/index.php?rest_route=\/wp\/v2\/posts\/1552\/revisions\/1590"}],"wp:featuredmedia":[{"embeddable":true,"href":"https:\/\/jennecken.de\/index.php?rest_route=\/wp\/v2\/media\/1518"}],"wp:attachment":[{"href":"https:\/\/jennecken.de\/index.php?rest_route=%2Fwp%2Fv2%2Fmedia&parent=1552"}],"wp:term":[{"taxonomy":"category","embeddable":true,"href":"https:\/\/jennecken.de\/index.php?rest_route=%2Fwp%2Fv2%2Fcategories&post=1552"},{"taxonomy":"post_tag","embeddable":true,"href":"https:\/\/jennecken.de\/index.php?rest_route=%2Fwp%2Fv2%2Ftags&post=1552"}],"curies":[{"name":"wp","href":"https:\/\/api.w.org\/{rel}","templated":true}]}}