{"id":1594,"date":"2014-10-06T19:52:28","date_gmt":"2014-10-06T17:52:28","guid":{"rendered":"http:\/\/jennecken.de\/?p=1594"},"modified":"2014-10-06T19:53:54","modified_gmt":"2014-10-06T17:53:54","slug":"kinder-halloween-party","status":"publish","type":"post","link":"https:\/\/jennecken.de\/?p=1594","title":{"rendered":"Kinder-Halloween-Party"},"content":{"rendered":"<p><img decoding=\"async\" class=\"alignleft size-full wp-image-1596\" src=\"https:\/\/jennecken.de\/wp-content\/uploads\/2014\/10\/Halloween.jpg\" alt=\"Halloween\" width=\"250\" \/>Du willst dich gruseln, keine Frage,<br \/>\ndu liebst die k\u00fchlen, dunklen Tage,<br \/>\ndu stehst auf Geister und Konsorten,<br \/>\nund \u00f6ffnest Monstern deine Pforten ?<\/p>\n<p>Dann bist du sicher mit dabei,<br \/>\ndenn am Tag sp\u00e4ter ist ja frei,<!--more--><br \/>\nwir feiern n\u00e4mlich Halloween<br \/>\nund w\u00fcrden dich da gerne sehen.<\/p>\n<p>Ob im Kost\u00fcm oder auch ohne,<br \/>\ndass st\u00f6rt uns nicht die Bohne.<br \/>\nHauptsache ist, du kommst vorbei<br \/>\nund bist mit Spa\u00df und Eifer dabei.<\/p>\n<p><strong>F\u00fchle dich eingeladen, wenn:<\/strong><br \/>\ndu am 31.10.2014 noch nichts vor hast, du Halloween magst, du gerne feierst, Spa\u00df an Monstern und Geistern hast, du mindestens 4 Jahre alt bist.<\/p>\n<p>Wir feiern am <strong>31.Oktober ab 16.00 Uhr<\/strong> im Dorfgemeinschaftshaus. Ende der Party wird gegen 20.00 Uhr sein.\u00a0Bitte melde Dich bis zum 17.10.2014 bei Heidi Binder, Jennecker Str. 29 oder Renate Kinze an. Anmeldungen unter <a href=\"mailto:vorstand@jennecken.de\">vorstand@jennecken.de<\/a> sind ebenfalls m\u00f6glich.<\/p>\n<p>Da in diesem Jahr keine Spenden f\u00fcr die Kinderfeier durch den geplanten Fackelumzug zu erwarten sind, bitten wir f\u00fcr jedes teilnehmende Kind um einen Unkostenbeitrag von 5,00 EUR. Mindestteilnehmerzahl: 10<\/p>\n","protected":false},"excerpt":{"rendered":"<p>Du willst dich gruseln, keine Frage, du liebst die k\u00fchlen, dunklen Tage, du stehst auf Geister und Konsorten, und \u00f6ffnest Monstern deine Pforten ? Dann bist du sicher mit dabei, denn am Tag sp\u00e4ter ist ja frei,<\/p>\n","protected":false},"author":1001002,"featured_media":0,"comment_status":"closed","ping_status":"closed","sticky":false,"template":"","format":"standard","meta":{"footnotes":""},"categories":[4,5],"tags":[],"class_list":["post-1594","post","type-post","status-publish","format-standard","hentry","category-neues-aus-jennecken","category-veranstaltungen"],"_links":{"self":[{"href":"https:\/\/jennecken.de\/index.php?rest_route=\/wp\/v2\/posts\/1594","targetHints":{"allow":["GET"]}}],"collection":[{"href":"https:\/\/jennecken.de\/index.php?rest_route=\/wp\/v2\/posts"}],"about":[{"href":"https:\/\/jennecken.de\/index.php?rest_route=\/wp\/v2\/types\/post"}],"author":[{"embeddable":true,"href":"https:\/\/jennecken.de\/index.php?rest_route=\/wp\/v2\/users\/1001002"}],"replies":[{"embeddable":true,"href":"https:\/\/jennecken.de\/index.php?rest_route=%2Fwp%2Fv2%2Fcomments&post=1594"}],"version-history":[{"count":17,"href":"https:\/\/jennecken.de\/index.php?rest_route=\/wp\/v2\/posts\/1594\/revisions"}],"predecessor-version":[{"id":1614,"href":"https:\/\/jennecken.de\/index.php?rest_route=\/wp\/v2\/posts\/1594\/revisions\/1614"}],"wp:attachment":[{"href":"https:\/\/jennecken.de\/index.php?rest_route=%2Fwp%2Fv2%2Fmedia&parent=1594"}],"wp:term":[{"taxonomy":"category","embeddable":true,"href":"https:\/\/jennecken.de\/index.php?rest_route=%2Fwp%2Fv2%2Fcategories&post=1594"},{"taxonomy":"post_tag","embeddable":true,"href":"https:\/\/jennecken.de\/index.php?rest_route=%2Fwp%2Fv2%2Ftags&post=1594"}],"curies":[{"name":"wp","href":"https:\/\/api.w.org\/{rel}","templated":true}]}}