{"id":1633,"date":"2014-10-30T19:58:01","date_gmt":"2014-10-30T18:58:01","guid":{"rendered":"http:\/\/jennecken.de\/?p=1633"},"modified":"2014-10-30T19:58:01","modified_gmt":"2014-10-30T18:58:01","slug":"bv-09-drabenderhoehe-sucht","status":"publish","type":"post","link":"https:\/\/jennecken.de\/?p=1633","title":{"rendered":"BV 09 Drabenderh\u00f6he sucht &#8230;"},"content":{"rendered":"<p>Der BV 09 Drabenderh\u00f6he sucht f\u00fcr diese und die n\u00e4chste Saison talentierte Fu\u00dfballer des Jahrganges 1998. Diese Altersgruppe geh\u00f6rt zur Zeit in die B-Jugend. Die B-Jugend spielt in der Sonderstaffel.<!--more--><\/p>\n<p>In der n\u00e4chsten Saison wechselt der Jahrgang dann in die A-Jugend. Auch unsere A-Jugend spielt in der Sonderstaffel.\u00a0 Talentierte Spieler k\u00f6nnen bei uns gerne an einem Probetraining teilnehmen. Erforderlich ist eine Zustimmungserkl\u00e4rung des aktuellen Vereins.<\/p>\n<p>Die Trainingszeiten unserer B-Jugend sind\u00a0 Dienstags 18:00 bis 19:30 Uhr sowie Donnerstags von 19:30 Uhr bis 21:00 Uhr.<\/p>\n<p>Interessierte Spieler k\u00f6nnen sich auch vorab telefonisch in Verbindung setzen mit unserem Trainer Michael Thut Tel: 0177 2686929 oder unserem Jugendleiter Lothar Klein Tel. 02262 691622.<\/p>\n","protected":false},"excerpt":{"rendered":"<p>Der BV 09 Drabenderh\u00f6he sucht f\u00fcr diese und die n\u00e4chste Saison talentierte Fu\u00dfballer des Jahrganges 1998. Diese Altersgruppe geh\u00f6rt zur Zeit in die B-Jugend. Die B-Jugend spielt in der Sonderstaffel.<\/p>\n","protected":false},"author":1001002,"featured_media":1634,"comment_status":"closed","ping_status":"closed","sticky":false,"template":"","format":"standard","meta":{"footnotes":""},"categories":[1],"tags":[55,23],"class_list":["post-1633","post","type-post","status-publish","format-standard","has-post-thumbnail","hentry","category-allgemein","tag-bv-09-drabenderhoehe","tag-drabenderhoehe"],"_links":{"self":[{"href":"https:\/\/jennecken.de\/index.php?rest_route=\/wp\/v2\/posts\/1633","targetHints":{"allow":["GET"]}}],"collection":[{"href":"https:\/\/jennecken.de\/index.php?rest_route=\/wp\/v2\/posts"}],"about":[{"href":"https:\/\/jennecken.de\/index.php?rest_route=\/wp\/v2\/types\/post"}],"author":[{"embeddable":true,"href":"https:\/\/jennecken.de\/index.php?rest_route=\/wp\/v2\/users\/1001002"}],"replies":[{"embeddable":true,"href":"https:\/\/jennecken.de\/index.php?rest_route=%2Fwp%2Fv2%2Fcomments&post=1633"}],"version-history":[{"count":2,"href":"https:\/\/jennecken.de\/index.php?rest_route=\/wp\/v2\/posts\/1633\/revisions"}],"predecessor-version":[{"id":1636,"href":"https:\/\/jennecken.de\/index.php?rest_route=\/wp\/v2\/posts\/1633\/revisions\/1636"}],"wp:featuredmedia":[{"embeddable":true,"href":"https:\/\/jennecken.de\/index.php?rest_route=\/wp\/v2\/media\/1634"}],"wp:attachment":[{"href":"https:\/\/jennecken.de\/index.php?rest_route=%2Fwp%2Fv2%2Fmedia&parent=1633"}],"wp:term":[{"taxonomy":"category","embeddable":true,"href":"https:\/\/jennecken.de\/index.php?rest_route=%2Fwp%2Fv2%2Fcategories&post=1633"},{"taxonomy":"post_tag","embeddable":true,"href":"https:\/\/jennecken.de\/index.php?rest_route=%2Fwp%2Fv2%2Ftags&post=1633"}],"curies":[{"name":"wp","href":"https:\/\/api.w.org\/{rel}","templated":true}]}}