{"id":1897,"date":"2015-01-02T17:49:40","date_gmt":"2015-01-02T16:49:40","guid":{"rendered":"http:\/\/jennecken.de\/?p=1897"},"modified":"2015-01-02T17:51:29","modified_gmt":"2015-01-02T16:51:29","slug":"jugendfussballabteilung-zieht-positive-hinrundenbilanz","status":"publish","type":"post","link":"https:\/\/jennecken.de\/?p=1897","title":{"rendered":"Jugendfu\u00dfballabteilung zieht positive Hinrundenbilanz"},"content":{"rendered":"<p>Da die letzte Saison \u00fcberaus erfolgreich war, war man nat\u00fcrlich skeptisch, was die neue Saison bringen w\u00fcrde. Statt Spitzenpl\u00e4tze war in den oberen Ligen Abstiegskampf vorausgesagt.<br \/>\nDas, was unsere A-Jugend in der Hinrunde <!--more-->geleistet hat, verdient Respekt.<br \/>\nAls Aufsteiger belegt man in der Sonderstaffel von zw\u00f6lf Mannschaften den sechsten Tabellenplatz. Beeindruckend ist dabei die Heimbilanz. Alle Heimspiele konnten gewonnen werden, nur in einem Spiel kassierte man in der Nachspielzeit durch ein Abseitstor den Ausgleich. Die Jungs ziehen voll mit, sind engagiert und freuen sich, in dieser hohen Klasse spielen zu d\u00fcrfen. Diese Einstellung spiegelt sich folglich auch in den Ergebnissen wieder. Dazu erreichte man im Kreispokal sogar das Halbfinale und scheiterte dort erst am SV Bergisch Gladbach.<\/p>\n<p>Hervorragend auch die Hinrunde unserer D1-Jugend. Ohne Punktverlust hat man die Herbstmeisterschaft in der Leistungsklasse gewonnen. Vor dem \u00e4rgsten Verfolger aus Wiehl hat man inzwischen sechs Punkte Vorsprung. Eine Superleistung der Truppe von Uwe Dehler und Thomas Drotleff.<\/p>\n<p>Auch die D2-Jugend wurde Herbstmeister in der Normalstaffel. Hier liefert man sich einen spannenden Zweikampf mit Borussia Derschlag. Es wird eine spannende R\u00fcckrunde. Betrachtet man hier das Umfeld von Trainer, Spieler und Eltern, ist f\u00fcr die R\u00fcckrunde Optimismus angesagt.<\/p>\n<p>Auch unsere E-Jugend konnte die Herbstrunde als Tabellenf\u00fchrer beenden. Im Fr\u00fchjahr werden die Gruppen neu eingeteilt.<br \/>\nErfreulich der Zuwachs in der F-Jugend und bei den Bambinis. Hier f\u00e4ngt das Fu\u00dfballspielen an und nicht erst im Seniorenbereich. Von daher ist eine vern\u00fcnftige Arbeit bei den Kleinsten f\u00fcr einen Verein enorm wichtig. Dies wird in der \u00d6ffentlichkeit leider so gut wie gar nicht registriert.<\/p>\n<p>Einen weiteren Erfolg konnten unsere C-M\u00e4dchen verbuchen. Im Kreispokal erreichten sie das Finale. Dieses wird am Pfingstsonntag ausgetragen.<\/p>\n<p>Die B-M\u00e4dchen hatten in der Hinrunde mit personellen Problemen zu k\u00e4mpfen. Hier befindet sich die Truppe aber wieder auf dem Weg der Besserung.<\/p>\n<p>Problemkind ist in diesem Jahr einzig die B-Jugend. Dass die Saison in der Sonderstaffel schwierig werden w\u00fcrde, war allen Beteiligten klar. Nur dann muss man auch mit Engagement an die Sache herangehen.<br \/>\nDie A-Jugend macht es in diesem Jahr vor; die D-Jugend hatte es im letzten Jahr vorgemacht. Bei der B-Jugend m\u00fcssen in der R\u00fcckrunde Trainer, Betreuer, Eltern und Spieler die Grundeinstellung \u00e4ndern. Dieses Jahr ist ein Lehrjahr. So wie dies bei der heutigen D1-Jugend in der letzten Saison der Fall war. Die Fr\u00fcchte ernten die Jungs zur Zeit. Harte Arbeit kommt vor dem Erfolg. Wie im richtigen Leben. Da muss man durch.<\/p>\n<p>Die Jugendfu\u00dfballabteilung w\u00fcnscht allen Spielerinnen und Spielern, Trainer, Betreuer, Eltern und Fans ein gesundes und erfolgreiches 2015.<\/p>\n<p>(Lothar Klein)<\/p>\n","protected":false},"excerpt":{"rendered":"<p>Da die letzte Saison \u00fcberaus erfolgreich war, war man nat\u00fcrlich skeptisch, was die neue Saison bringen w\u00fcrde. Statt Spitzenpl\u00e4tze war in den oberen Ligen Abstiegskampf vorausgesagt. Das, was unsere A-Jugend in der Hinrunde<\/p>\n","protected":false},"author":1001002,"featured_media":1634,"comment_status":"closed","ping_status":"closed","sticky":false,"template":"","format":"standard","meta":{"footnotes":""},"categories":[1],"tags":[64,63],"class_list":["post-1897","post","type-post","status-publish","format-standard","has-post-thumbnail","hentry","category-allgemein","tag-bv09-drabenderhoehe","tag-fussball"],"_links":{"self":[{"href":"https:\/\/jennecken.de\/index.php?rest_route=\/wp\/v2\/posts\/1897","targetHints":{"allow":["GET"]}}],"collection":[{"href":"https:\/\/jennecken.de\/index.php?rest_route=\/wp\/v2\/posts"}],"about":[{"href":"https:\/\/jennecken.de\/index.php?rest_route=\/wp\/v2\/types\/post"}],"author":[{"embeddable":true,"href":"https:\/\/jennecken.de\/index.php?rest_route=\/wp\/v2\/users\/1001002"}],"replies":[{"embeddable":true,"href":"https:\/\/jennecken.de\/index.php?rest_route=%2Fwp%2Fv2%2Fcomments&post=1897"}],"version-history":[{"count":3,"href":"https:\/\/jennecken.de\/index.php?rest_route=\/wp\/v2\/posts\/1897\/revisions"}],"predecessor-version":[{"id":1900,"href":"https:\/\/jennecken.de\/index.php?rest_route=\/wp\/v2\/posts\/1897\/revisions\/1900"}],"wp:featuredmedia":[{"embeddable":true,"href":"https:\/\/jennecken.de\/index.php?rest_route=\/wp\/v2\/media\/1634"}],"wp:attachment":[{"href":"https:\/\/jennecken.de\/index.php?rest_route=%2Fwp%2Fv2%2Fmedia&parent=1897"}],"wp:term":[{"taxonomy":"category","embeddable":true,"href":"https:\/\/jennecken.de\/index.php?rest_route=%2Fwp%2Fv2%2Fcategories&post=1897"},{"taxonomy":"post_tag","embeddable":true,"href":"https:\/\/jennecken.de\/index.php?rest_route=%2Fwp%2Fv2%2Ftags&post=1897"}],"curies":[{"name":"wp","href":"https:\/\/api.w.org\/{rel}","templated":true}]}}