{"id":1922,"date":"2015-01-21T22:24:05","date_gmt":"2015-01-21T21:24:05","guid":{"rendered":"http:\/\/jennecken.de\/?p=1922"},"modified":"2015-01-21T22:26:56","modified_gmt":"2015-01-21T21:26:56","slug":"einladung-zur-jahreshauptversammlung","status":"publish","type":"post","link":"https:\/\/jennecken.de\/?p=1922","title":{"rendered":"Einladung zur Jahreshauptversammlung"},"content":{"rendered":"<p><span style=\"color: #000000;\">Am <strong>10. Februar 2015<\/strong> findet unsere diesj\u00e4hrige Jahreshauptversammlung statt. Hierzu laden wir <strong>alle Vereinsmitglieder<\/strong> um <strong>19.30 Uhr<\/strong> ins <strong>Dorfhaus<\/strong> ein.<\/span><\/p>\n<p>Die schriftlichen Einladungen<!--more--> werden in den n\u00e4chsten Tagen verteilt, bzw. verschickt.<\/p>\n<p><span style=\"text-decoration: underline;\">Tagesordnungspunkte:<\/span><\/p>\n<ul>\n<li>Begr\u00fc\u00dfung und Er\u00f6ffnung<\/li>\n<li>Feststellung der ordnungsgem\u00e4\u00dfen Einladung und der\u00a0Beschlu\u00dff\u00e4higkeit der Versammlung<\/li>\n<li>Jahresr\u00fcckblick 2014<\/li>\n<li>Kassenbericht f\u00fcr das Jahr 2014<\/li>\n<li>Bericht der Kassenpr\u00fcfer<\/li>\n<li>Entlastung des Gesamtvorstandes<\/li>\n<li>Haushaltsplanung 2015 und Verabschiedung<\/li>\n<li>Neuwahl des Gesamtvorstandes<\/li>\n<li>Verschiedenes &#8211; Eure Themen<\/li>\n<\/ul>\n<p><strong>Wir hoffen auf zahlreiche Beteiligung!<\/strong><\/p>\n","protected":false},"excerpt":{"rendered":"<p>Am 10. Februar 2015 findet unsere diesj\u00e4hrige Jahreshauptversammlung statt. Hierzu laden wir alle Vereinsmitglieder um 19.30 Uhr ins Dorfhaus ein. Die schriftlichen Einladungen<\/p>\n","protected":false},"author":1001002,"featured_media":1126,"comment_status":"closed","ping_status":"closed","sticky":false,"template":"","format":"standard","meta":{"footnotes":""},"categories":[4,8],"tags":[65],"class_list":["post-1922","post","type-post","status-publish","format-standard","has-post-thumbnail","hentry","category-neues-aus-jennecken","category-termine-und-einladungen","tag-jahreshauptversammlung"],"_links":{"self":[{"href":"https:\/\/jennecken.de\/index.php?rest_route=\/wp\/v2\/posts\/1922","targetHints":{"allow":["GET"]}}],"collection":[{"href":"https:\/\/jennecken.de\/index.php?rest_route=\/wp\/v2\/posts"}],"about":[{"href":"https:\/\/jennecken.de\/index.php?rest_route=\/wp\/v2\/types\/post"}],"author":[{"embeddable":true,"href":"https:\/\/jennecken.de\/index.php?rest_route=\/wp\/v2\/users\/1001002"}],"replies":[{"embeddable":true,"href":"https:\/\/jennecken.de\/index.php?rest_route=%2Fwp%2Fv2%2Fcomments&post=1922"}],"version-history":[{"count":13,"href":"https:\/\/jennecken.de\/index.php?rest_route=\/wp\/v2\/posts\/1922\/revisions"}],"predecessor-version":[{"id":1935,"href":"https:\/\/jennecken.de\/index.php?rest_route=\/wp\/v2\/posts\/1922\/revisions\/1935"}],"wp:featuredmedia":[{"embeddable":true,"href":"https:\/\/jennecken.de\/index.php?rest_route=\/wp\/v2\/media\/1126"}],"wp:attachment":[{"href":"https:\/\/jennecken.de\/index.php?rest_route=%2Fwp%2Fv2%2Fmedia&parent=1922"}],"wp:term":[{"taxonomy":"category","embeddable":true,"href":"https:\/\/jennecken.de\/index.php?rest_route=%2Fwp%2Fv2%2Fcategories&post=1922"},{"taxonomy":"post_tag","embeddable":true,"href":"https:\/\/jennecken.de\/index.php?rest_route=%2Fwp%2Fv2%2Ftags&post=1922"}],"curies":[{"name":"wp","href":"https:\/\/api.w.org\/{rel}","templated":true}]}}