{"id":1936,"date":"2015-01-23T08:50:07","date_gmt":"2015-01-23T07:50:07","guid":{"rendered":"http:\/\/jennecken.de\/?p=1936"},"modified":"2015-01-23T08:50:07","modified_gmt":"2015-01-23T07:50:07","slug":"infos-zum-bielsteiner-karneval","status":"publish","type":"post","link":"https:\/\/jennecken.de\/?p=1936","title":{"rendered":"Info\u2019s zum Bielsteiner Karneval"},"content":{"rendered":"<p>Nach dem Umbau der Bielsteiner Ortsmitte ist es f\u00fcr den Karnevalszug zu eng geworden. Daher f\u00fchrt der Zugweg am 16.02.2015 erstmals \u00fcber den Busbahnhof. Ansonsten bleibt alles wie gehabt. Die Aufstellung zum Zug findet<!--more--> am Freizeitpark statt und die traditionelle zweite Durchfahrt bleibt bestehen.<\/p>\n<p>Einen ausf\u00fchrlichen Bericht hierzu findet Ihr <a href=\"http:\/\/www.rundschau-online.de\/oberberg\/karneval-rosenmontag-geht-s-aussen-rum,15185498,29642648.html\" target=\"_blank\">\u2026hier\u2192<\/a> (rundschau-online.de).<\/p>\n<p>Weitere Informationen zu Veranstaltungen des Bielsteiner Karnevalsvereins, wie der Kindersitzung, Weiberfastnacht, usw. findet Ihr <a href=\"http:\/\/www.wiehl.de\/aktuelles\/neuigkeiten\/termine\/1757-karnevalsveranstaltungen-2015.html\" target=\"_blank\">\u2026hier\u2192<\/a> (wiehl.de).<\/p>\n","protected":false},"excerpt":{"rendered":"<p>Nach dem Umbau der Bielsteiner Ortsmitte ist es f\u00fcr den Karnevalszug zu eng geworden. Daher f\u00fchrt der Zugweg am 16.02.2015 erstmals \u00fcber den Busbahnhof. Ansonsten bleibt alles wie gehabt. Die Aufstellung zum Zug findet<\/p>\n","protected":false},"author":1001002,"featured_media":1631,"comment_status":"closed","ping_status":"closed","sticky":false,"template":"","format":"standard","meta":{"footnotes":""},"categories":[1],"tags":[66],"class_list":["post-1936","post","type-post","status-publish","format-standard","has-post-thumbnail","hentry","category-allgemein","tag-karneval"],"_links":{"self":[{"href":"https:\/\/jennecken.de\/index.php?rest_route=\/wp\/v2\/posts\/1936","targetHints":{"allow":["GET"]}}],"collection":[{"href":"https:\/\/jennecken.de\/index.php?rest_route=\/wp\/v2\/posts"}],"about":[{"href":"https:\/\/jennecken.de\/index.php?rest_route=\/wp\/v2\/types\/post"}],"author":[{"embeddable":true,"href":"https:\/\/jennecken.de\/index.php?rest_route=\/wp\/v2\/users\/1001002"}],"replies":[{"embeddable":true,"href":"https:\/\/jennecken.de\/index.php?rest_route=%2Fwp%2Fv2%2Fcomments&post=1936"}],"version-history":[{"count":3,"href":"https:\/\/jennecken.de\/index.php?rest_route=\/wp\/v2\/posts\/1936\/revisions"}],"predecessor-version":[{"id":1940,"href":"https:\/\/jennecken.de\/index.php?rest_route=\/wp\/v2\/posts\/1936\/revisions\/1940"}],"wp:featuredmedia":[{"embeddable":true,"href":"https:\/\/jennecken.de\/index.php?rest_route=\/wp\/v2\/media\/1631"}],"wp:attachment":[{"href":"https:\/\/jennecken.de\/index.php?rest_route=%2Fwp%2Fv2%2Fmedia&parent=1936"}],"wp:term":[{"taxonomy":"category","embeddable":true,"href":"https:\/\/jennecken.de\/index.php?rest_route=%2Fwp%2Fv2%2Fcategories&post=1936"},{"taxonomy":"post_tag","embeddable":true,"href":"https:\/\/jennecken.de\/index.php?rest_route=%2Fwp%2Fv2%2Ftags&post=1936"}],"curies":[{"name":"wp","href":"https:\/\/api.w.org\/{rel}","templated":true}]}}