{"id":2010,"date":"2015-02-26T22:42:47","date_gmt":"2015-02-26T21:42:47","guid":{"rendered":"http:\/\/jennecken.de\/?p=2010"},"modified":"2015-02-26T22:54:13","modified_gmt":"2015-02-26T21:54:13","slug":"staedtebauliche-neuordnung-des-bereiches-wiehl-sued","status":"publish","type":"post","link":"https:\/\/jennecken.de\/?p=2010","title":{"rendered":"St\u00e4dtebauliche Neuordnung des Bereiches Wiehl-S\u00fcd"},"content":{"rendered":"<p>Bereits in den ersten Analysen und Entw\u00fcrfen zum Integrierten Handlungskonzept f\u00fcr den Ortskern Wiehl wurde der Bereich um den bestehenden REWE-Markt an der Wiesenstra\u00dfe als st\u00e4dtebaulicher Neuordnungsbereich definiert. Mittlerweile<!--more--> deutet sich die konkrete Umsetzung des Projektes an.<\/p>\n<p>Weiter Info&#8217;s findet Ihr <a href=\"http:\/\/www.wiehl.de\/aktuelles\/neuigkeiten\/nachrichten\/4552-staedtebauliche-neuordnung-des-bereiches.html\" target=\"_blank\">&#8230;hier\u2192<\/a> (wiehl.de).<\/p>\n","protected":false},"excerpt":{"rendered":"<p>Bereits in den ersten Analysen und Entw\u00fcrfen zum Integrierten Handlungskonzept f\u00fcr den Ortskern Wiehl wurde der Bereich um den bestehenden REWE-Markt an der Wiesenstra\u00dfe als st\u00e4dtebaulicher Neuordnungsbereich definiert. Mittlerweile<\/p>\n","protected":false},"author":1001002,"featured_media":2013,"comment_status":"closed","ping_status":"closed","sticky":false,"template":"","format":"standard","meta":{"footnotes":""},"categories":[1],"tags":[74,103],"class_list":["post-2010","post","type-post","status-publish","format-standard","has-post-thumbnail","hentry","category-allgemein","tag-stadt-wiehl","tag-wiehl"],"_links":{"self":[{"href":"https:\/\/jennecken.de\/index.php?rest_route=\/wp\/v2\/posts\/2010","targetHints":{"allow":["GET"]}}],"collection":[{"href":"https:\/\/jennecken.de\/index.php?rest_route=\/wp\/v2\/posts"}],"about":[{"href":"https:\/\/jennecken.de\/index.php?rest_route=\/wp\/v2\/types\/post"}],"author":[{"embeddable":true,"href":"https:\/\/jennecken.de\/index.php?rest_route=\/wp\/v2\/users\/1001002"}],"replies":[{"embeddable":true,"href":"https:\/\/jennecken.de\/index.php?rest_route=%2Fwp%2Fv2%2Fcomments&post=2010"}],"version-history":[{"count":2,"href":"https:\/\/jennecken.de\/index.php?rest_route=\/wp\/v2\/posts\/2010\/revisions"}],"predecessor-version":[{"id":2012,"href":"https:\/\/jennecken.de\/index.php?rest_route=\/wp\/v2\/posts\/2010\/revisions\/2012"}],"wp:featuredmedia":[{"embeddable":true,"href":"https:\/\/jennecken.de\/index.php?rest_route=\/wp\/v2\/media\/2013"}],"wp:attachment":[{"href":"https:\/\/jennecken.de\/index.php?rest_route=%2Fwp%2Fv2%2Fmedia&parent=2010"}],"wp:term":[{"taxonomy":"category","embeddable":true,"href":"https:\/\/jennecken.de\/index.php?rest_route=%2Fwp%2Fv2%2Fcategories&post=2010"},{"taxonomy":"post_tag","embeddable":true,"href":"https:\/\/jennecken.de\/index.php?rest_route=%2Fwp%2Fv2%2Ftags&post=2010"}],"curies":[{"name":"wp","href":"https:\/\/api.w.org\/{rel}","templated":true}]}}