{"id":2023,"date":"2015-03-06T11:57:38","date_gmt":"2015-03-06T10:57:38","guid":{"rendered":"http:\/\/jennecken.de\/?p=2023"},"modified":"2015-03-06T11:57:38","modified_gmt":"2015-03-06T10:57:38","slug":"ueberarbeitete-app-der-stadt-wiehl","status":"publish","type":"post","link":"https:\/\/jennecken.de\/?p=2023","title":{"rendered":"\u00dcberarbeitete App der Stadt Wiehl"},"content":{"rendered":"<p>Die in Zusammenarbeit mit der FH Gummersbach entwickelte App der Stadt Wiehl f\u00fcr iOS- und Android-Smartphones wurde \u00fcberarbeitet. Da die Stadt Wiehl nun \u00fcber eigene Entwickler-Accounts verf\u00fcgt, ist eine Neuinstallation der App erforderlich.<!--more--><\/p>\n<p>Weitere Info&#8217;s zur App und zur Installation f\u00fcr iOS- und Android-Smartphones findet Ihr <a href=\"http:\/\/www.wiehl.de\/aktuelles\/neuigkeiten\/nachrichten\/4578-die-app-der-stadt-wiehl-wurde.html\" target=\"_blank\">&#8230;hier\u2192<\/a> (wiehl.de).<\/p>\n","protected":false},"excerpt":{"rendered":"<p>Die in Zusammenarbeit mit der FH Gummersbach entwickelte App der Stadt Wiehl f\u00fcr iOS- und Android-Smartphones wurde \u00fcberarbeitet. Da die Stadt Wiehl nun \u00fcber eigene Entwickler-Accounts verf\u00fcgt, ist eine Neuinstallation der App erforderlich.<\/p>\n","protected":false},"author":1001002,"featured_media":2022,"comment_status":"closed","ping_status":"closed","sticky":false,"template":"","format":"standard","meta":{"footnotes":""},"categories":[1],"tags":[74],"class_list":["post-2023","post","type-post","status-publish","format-standard","has-post-thumbnail","hentry","category-allgemein","tag-stadt-wiehl"],"_links":{"self":[{"href":"https:\/\/jennecken.de\/index.php?rest_route=\/wp\/v2\/posts\/2023","targetHints":{"allow":["GET"]}}],"collection":[{"href":"https:\/\/jennecken.de\/index.php?rest_route=\/wp\/v2\/posts"}],"about":[{"href":"https:\/\/jennecken.de\/index.php?rest_route=\/wp\/v2\/types\/post"}],"author":[{"embeddable":true,"href":"https:\/\/jennecken.de\/index.php?rest_route=\/wp\/v2\/users\/1001002"}],"replies":[{"embeddable":true,"href":"https:\/\/jennecken.de\/index.php?rest_route=%2Fwp%2Fv2%2Fcomments&post=2023"}],"version-history":[{"count":3,"href":"https:\/\/jennecken.de\/index.php?rest_route=\/wp\/v2\/posts\/2023\/revisions"}],"predecessor-version":[{"id":2026,"href":"https:\/\/jennecken.de\/index.php?rest_route=\/wp\/v2\/posts\/2023\/revisions\/2026"}],"wp:featuredmedia":[{"embeddable":true,"href":"https:\/\/jennecken.de\/index.php?rest_route=\/wp\/v2\/media\/2022"}],"wp:attachment":[{"href":"https:\/\/jennecken.de\/index.php?rest_route=%2Fwp%2Fv2%2Fmedia&parent=2023"}],"wp:term":[{"taxonomy":"category","embeddable":true,"href":"https:\/\/jennecken.de\/index.php?rest_route=%2Fwp%2Fv2%2Fcategories&post=2023"},{"taxonomy":"post_tag","embeddable":true,"href":"https:\/\/jennecken.de\/index.php?rest_route=%2Fwp%2Fv2%2Ftags&post=2023"}],"curies":[{"name":"wp","href":"https:\/\/api.w.org\/{rel}","templated":true}]}}