{"id":2055,"date":"2015-03-31T07:52:32","date_gmt":"2015-03-31T05:52:32","guid":{"rendered":"http:\/\/jennecken.de\/?p=2055"},"modified":"2015-03-31T07:54:36","modified_gmt":"2015-03-31T05:54:36","slug":"talentierte-spieler-gesucht","status":"publish","type":"post","link":"https:\/\/jennecken.de\/?p=2055","title":{"rendered":"Talentierte Spieler gesucht"},"content":{"rendered":"<p>Der BV 09 Drabenderh\u00f6he sucht f\u00fcr\u00a0 die n\u00e4chste Saison talentierte Fu\u00dfballer der Jahrg\u00e4nge 1997 und 1998. Unsere A-Jugend belegt zur Zeit einen gesicherten Platz in der Sonderstaffel, sodass die Mannschaft auch in der<!--more--> kommenden Saison dort gemeldet werden kann.<\/p>\n<p>Da insbesondere der Jahrgang 1998 bei uns d\u00fcnn besetzt ist, ben\u00f6tigen wir dringend noch Verst\u00e4rkung. Talentierte Spieler k\u00f6nnen bei uns gerne an einem Probetraining teilnehmen. Erforderlich ist eine Zustimmungserkl\u00e4rung des aktuellen Vereins. Die Trainingszeiten unserer A-Jugend sind Montags von 18:30 bis 20:00 Uhr sowie Mittwochs von 19:30 Uhr bis 21:00 Uhr.<\/p>\n<p>Interessierte Spieler sind herzlich willkommen. Sie k\u00f6nnen sich auch vorab telefonisch mit unserem Jugendleiter Lothar Klein (Tel. 02262 691622 oder 0160\u00a096863484) in Verbindung setzen.<\/p>\n<p><em>Lothar Klein<\/em><\/p>\n","protected":false},"excerpt":{"rendered":"<p>Der BV 09 Drabenderh\u00f6he sucht f\u00fcr\u00a0 die n\u00e4chste Saison talentierte Fu\u00dfballer der Jahrg\u00e4nge 1997 und 1998. Unsere A-Jugend belegt zur Zeit einen gesicherten Platz in der Sonderstaffel, sodass die Mannschaft auch in der<\/p>\n","protected":false},"author":1001002,"featured_media":1634,"comment_status":"closed","ping_status":"closed","sticky":false,"template":"","format":"standard","meta":{"footnotes":""},"categories":[1],"tags":[84,23,63],"class_list":["post-2055","post","type-post","status-publish","format-standard","has-post-thumbnail","hentry","category-allgemein","tag-bv09","tag-drabenderhoehe","tag-fussball"],"_links":{"self":[{"href":"https:\/\/jennecken.de\/index.php?rest_route=\/wp\/v2\/posts\/2055","targetHints":{"allow":["GET"]}}],"collection":[{"href":"https:\/\/jennecken.de\/index.php?rest_route=\/wp\/v2\/posts"}],"about":[{"href":"https:\/\/jennecken.de\/index.php?rest_route=\/wp\/v2\/types\/post"}],"author":[{"embeddable":true,"href":"https:\/\/jennecken.de\/index.php?rest_route=\/wp\/v2\/users\/1001002"}],"replies":[{"embeddable":true,"href":"https:\/\/jennecken.de\/index.php?rest_route=%2Fwp%2Fv2%2Fcomments&post=2055"}],"version-history":[{"count":7,"href":"https:\/\/jennecken.de\/index.php?rest_route=\/wp\/v2\/posts\/2055\/revisions"}],"predecessor-version":[{"id":2062,"href":"https:\/\/jennecken.de\/index.php?rest_route=\/wp\/v2\/posts\/2055\/revisions\/2062"}],"wp:featuredmedia":[{"embeddable":true,"href":"https:\/\/jennecken.de\/index.php?rest_route=\/wp\/v2\/media\/1634"}],"wp:attachment":[{"href":"https:\/\/jennecken.de\/index.php?rest_route=%2Fwp%2Fv2%2Fmedia&parent=2055"}],"wp:term":[{"taxonomy":"category","embeddable":true,"href":"https:\/\/jennecken.de\/index.php?rest_route=%2Fwp%2Fv2%2Fcategories&post=2055"},{"taxonomy":"post_tag","embeddable":true,"href":"https:\/\/jennecken.de\/index.php?rest_route=%2Fwp%2Fv2%2Ftags&post=2055"}],"curies":[{"name":"wp","href":"https:\/\/api.w.org\/{rel}","templated":true}]}}