{"id":2066,"date":"2015-04-06T18:27:43","date_gmt":"2015-04-06T16:27:43","guid":{"rendered":"http:\/\/jennecken.de\/?p=2066"},"modified":"2016-03-17T08:03:33","modified_gmt":"2016-03-17T07:03:33","slug":"jennecker-fruehjahrsputz","status":"publish","type":"post","link":"https:\/\/jennecken.de\/?p=2066","title":{"rendered":"Jennecker Fr\u00fchjahrsputz"},"content":{"rendered":"<p>Am Samstag, dem 18. April, findet im Rahmen des Aktionstags Saubere Landschaft der Jennecker Fr\u00fchjahrsputz statt. Wir treffen uns um 10:00 Uhr auf unserem Kinderspielplatz.<!--more--><\/p>\n<p>Wie in den Jahren zuvor wird der Spielplatz auf Vordermann gebracht und der M\u00fcll in der Umgebung gesammelt.\u00a0Es w\u00e4re super, wenn sich viele aus der j\u00fcngeren Generation beteiligen w\u00fcrden!<\/p>\n<p><strong>An alle Jennecker! Kommt und helft <span style=\"text-decoration: underline;\">alle<\/span> mit!<\/strong><\/p>\n<p>F\u00fcr Verpflegung ist bestens gesorgt.\u00a0Nach getaner Arbeit warten kostenlose Grillw\u00fcrstchen und k\u00fchle Getr\u00e4nke f\u00fcr alle Helfer! Spenden f\u00fcr den Dorfverein sind selbstverst\u00e4ndlich immer willkommen!<\/p>\n","protected":false},"excerpt":{"rendered":"<p>Am Samstag, dem 18. April, findet im Rahmen des Aktionstags Saubere Landschaft der Jennecker Fr\u00fchjahrsputz statt. Wir treffen uns um 10:00 Uhr auf unserem Kinderspielplatz.<\/p>\n","protected":false},"author":1001002,"featured_media":1059,"comment_status":"closed","ping_status":"closed","sticky":false,"template":"","format":"standard","meta":{"footnotes":""},"categories":[4,5],"tags":[86,87],"class_list":["post-2066","post","type-post","status-publish","format-standard","has-post-thumbnail","hentry","category-neues-aus-jennecken","category-veranstaltungen","tag-fruehjahrsputz","tag-saubere-landschaft"],"_links":{"self":[{"href":"https:\/\/jennecken.de\/index.php?rest_route=\/wp\/v2\/posts\/2066","targetHints":{"allow":["GET"]}}],"collection":[{"href":"https:\/\/jennecken.de\/index.php?rest_route=\/wp\/v2\/posts"}],"about":[{"href":"https:\/\/jennecken.de\/index.php?rest_route=\/wp\/v2\/types\/post"}],"author":[{"embeddable":true,"href":"https:\/\/jennecken.de\/index.php?rest_route=\/wp\/v2\/users\/1001002"}],"replies":[{"embeddable":true,"href":"https:\/\/jennecken.de\/index.php?rest_route=%2Fwp%2Fv2%2Fcomments&post=2066"}],"version-history":[{"count":7,"href":"https:\/\/jennecken.de\/index.php?rest_route=\/wp\/v2\/posts\/2066\/revisions"}],"predecessor-version":[{"id":2817,"href":"https:\/\/jennecken.de\/index.php?rest_route=\/wp\/v2\/posts\/2066\/revisions\/2817"}],"wp:featuredmedia":[{"embeddable":true,"href":"https:\/\/jennecken.de\/index.php?rest_route=\/wp\/v2\/media\/1059"}],"wp:attachment":[{"href":"https:\/\/jennecken.de\/index.php?rest_route=%2Fwp%2Fv2%2Fmedia&parent=2066"}],"wp:term":[{"taxonomy":"category","embeddable":true,"href":"https:\/\/jennecken.de\/index.php?rest_route=%2Fwp%2Fv2%2Fcategories&post=2066"},{"taxonomy":"post_tag","embeddable":true,"href":"https:\/\/jennecken.de\/index.php?rest_route=%2Fwp%2Fv2%2Ftags&post=2066"}],"curies":[{"name":"wp","href":"https:\/\/api.w.org\/{rel}","templated":true}]}}