{"id":2081,"date":"2015-05-01T17:24:52","date_gmt":"2015-05-01T15:24:52","guid":{"rendered":"http:\/\/jennecken.de\/?p=2081"},"modified":"2015-05-01T17:43:14","modified_gmt":"2015-05-01T15:43:14","slug":"c-maedchen-besiegen-im-fvm-pokal-gw-brauweiler","status":"publish","type":"post","link":"https:\/\/jennecken.de\/?p=2081","title":{"rendered":"C-M\u00e4dchen besiegen im FVM-Pokal GW Brauweiler"},"content":{"rendered":"<p>Mit dieser \u00dcberraschung hatte eigentlich keiner gerechnet. Als Kreispokalfinalist durften\u00a0unsere C-M\u00e4dchen den Fu\u00dfballkreis Berg auf Mittelrheinebene im FVM-Pokal vertreten.\u00a0<!--more--><br \/>\nHierbei wird im 11er-Betrieb gespielt. F\u00fcr unsere M\u00e4dchen war dies nat\u00fcrlich eine gro\u00dfe\u00a0Umstellung, hatten diese doch bislang immer im 7er-Betrieb gespielt. Das Spiel \u00fcber den\u00a0ganzen Platz und auf die gro\u00dfen Tore war f\u00fcr die M\u00e4dchen neu. Unsere M\u00e4dels waren\u00a0ausgesprochen effektiv. Die wenigen Chancen wurden konsequent genutzt, w\u00e4hrend hinten\u00a0die von Anna Kr\u00e4mer hervorragend organisierte Abwehr stand. Was da durchkam, wurde von\u00a0Maren Schuster entsch\u00e4rft.<br \/>\nDurch Tore unserer beiden Auswahlspielerinnen Lea Lemmertz\u00a0und Ilka Lang gewann der BV 09 sensationell mit 2:0. Bei den favorisierten Brauweilern war\u00a0die Entt\u00e4uschung nat\u00fcrlich gro\u00df. Insgesamt eine klasse Leistung der M\u00e4dels.<\/p>\n<p>In der zweiten\u00a0Runde wartet am Himmelfahrtstag der SV Rot-Wei\u00df Merl. Aller Voraussicht nach findet das\u00a0Spiel wieder zu Hause statt. Danach k\u00e4me in jedem Fall ein ganz schwerer Brocken wie der\u00a01.FC K\u00f6ln oder Bayer Leverkusen. Aber erst einmal muss Merl bezwungen werden, und das\u00a0wird schwer genug. F\u00fcr das bislang Erreichte ein Riesenapplaus an euch.<\/p>\n<p>Lothar Klein<\/p>\n","protected":false},"excerpt":{"rendered":"<p>Mit dieser \u00dcberraschung hatte eigentlich keiner gerechnet. Als Kreispokalfinalist durften\u00a0unsere C-M\u00e4dchen den Fu\u00dfballkreis Berg auf Mittelrheinebene im FVM-Pokal vertreten.\u00a0<\/p>\n","protected":false},"author":1001002,"featured_media":1634,"comment_status":"closed","ping_status":"closed","sticky":false,"template":"","format":"standard","meta":{"footnotes":""},"categories":[1],"tags":[64,63],"class_list":["post-2081","post","type-post","status-publish","format-standard","has-post-thumbnail","hentry","category-allgemein","tag-bv09-drabenderhoehe","tag-fussball"],"_links":{"self":[{"href":"https:\/\/jennecken.de\/index.php?rest_route=\/wp\/v2\/posts\/2081","targetHints":{"allow":["GET"]}}],"collection":[{"href":"https:\/\/jennecken.de\/index.php?rest_route=\/wp\/v2\/posts"}],"about":[{"href":"https:\/\/jennecken.de\/index.php?rest_route=\/wp\/v2\/types\/post"}],"author":[{"embeddable":true,"href":"https:\/\/jennecken.de\/index.php?rest_route=\/wp\/v2\/users\/1001002"}],"replies":[{"embeddable":true,"href":"https:\/\/jennecken.de\/index.php?rest_route=%2Fwp%2Fv2%2Fcomments&post=2081"}],"version-history":[{"count":1,"href":"https:\/\/jennecken.de\/index.php?rest_route=\/wp\/v2\/posts\/2081\/revisions"}],"predecessor-version":[{"id":2082,"href":"https:\/\/jennecken.de\/index.php?rest_route=\/wp\/v2\/posts\/2081\/revisions\/2082"}],"wp:featuredmedia":[{"embeddable":true,"href":"https:\/\/jennecken.de\/index.php?rest_route=\/wp\/v2\/media\/1634"}],"wp:attachment":[{"href":"https:\/\/jennecken.de\/index.php?rest_route=%2Fwp%2Fv2%2Fmedia&parent=2081"}],"wp:term":[{"taxonomy":"category","embeddable":true,"href":"https:\/\/jennecken.de\/index.php?rest_route=%2Fwp%2Fv2%2Fcategories&post=2081"},{"taxonomy":"post_tag","embeddable":true,"href":"https:\/\/jennecken.de\/index.php?rest_route=%2Fwp%2Fv2%2Ftags&post=2081"}],"curies":[{"name":"wp","href":"https:\/\/api.w.org\/{rel}","templated":true}]}}