{"id":2083,"date":"2015-05-02T17:39:29","date_gmt":"2015-05-02T15:39:29","guid":{"rendered":"http:\/\/jennecken.de\/?p=2083"},"modified":"2015-05-01T17:42:48","modified_gmt":"2015-05-01T15:42:48","slug":"bilder-vom-maiblasen-u-fruehjahrsputz","status":"publish","type":"post","link":"https:\/\/jennecken.de\/?p=2083","title":{"rendered":"Bilder vom Maiblasen u. Fr\u00fchjahrsputz"},"content":{"rendered":"<p>Wir begr\u00fc\u00dften den 1. Mai traditionell mit dem <em>Blasorchester Siebenb\u00fcrgen Drabenderh\u00f6he<\/em> auf unserem Kinderspielplatz.\u00a0Ein Dank an die Musiker, die wieder seit den fr\u00fchen Morgenstunden unterwegs waren.<!--more--><\/p>\n<p>Die Bilder hierzu und die Bilder vom Jennecker Fr\u00fchjahrsputz findet Ihr\u00a0in unserer aktuellen\u00a0<a title=\"Fotogalerie 2015\" href=\"https:\/\/jennecken.de\/?page_id=1905\">Fotoagalerie<\/a>.<\/p>\n","protected":false},"excerpt":{"rendered":"<p>Wir begr\u00fc\u00dften den 1. Mai traditionell mit dem Blasorchester Siebenb\u00fcrgen Drabenderh\u00f6he auf unserem Kinderspielplatz.\u00a0Ein Dank an die Musiker, die wieder seit den fr\u00fchen Morgenstunden unterwegs waren.<\/p>\n","protected":false},"author":1001002,"featured_media":1199,"comment_status":"closed","ping_status":"closed","sticky":false,"template":"","format":"standard","meta":{"footnotes":""},"categories":[4],"tags":[86,88],"class_list":["post-2083","post","type-post","status-publish","format-standard","has-post-thumbnail","hentry","category-neues-aus-jennecken","tag-fruehjahrsputz","tag-maiblasen"],"_links":{"self":[{"href":"https:\/\/jennecken.de\/index.php?rest_route=\/wp\/v2\/posts\/2083","targetHints":{"allow":["GET"]}}],"collection":[{"href":"https:\/\/jennecken.de\/index.php?rest_route=\/wp\/v2\/posts"}],"about":[{"href":"https:\/\/jennecken.de\/index.php?rest_route=\/wp\/v2\/types\/post"}],"author":[{"embeddable":true,"href":"https:\/\/jennecken.de\/index.php?rest_route=\/wp\/v2\/users\/1001002"}],"replies":[{"embeddable":true,"href":"https:\/\/jennecken.de\/index.php?rest_route=%2Fwp%2Fv2%2Fcomments&post=2083"}],"version-history":[{"count":3,"href":"https:\/\/jennecken.de\/index.php?rest_route=\/wp\/v2\/posts\/2083\/revisions"}],"predecessor-version":[{"id":2086,"href":"https:\/\/jennecken.de\/index.php?rest_route=\/wp\/v2\/posts\/2083\/revisions\/2086"}],"wp:featuredmedia":[{"embeddable":true,"href":"https:\/\/jennecken.de\/index.php?rest_route=\/wp\/v2\/media\/1199"}],"wp:attachment":[{"href":"https:\/\/jennecken.de\/index.php?rest_route=%2Fwp%2Fv2%2Fmedia&parent=2083"}],"wp:term":[{"taxonomy":"category","embeddable":true,"href":"https:\/\/jennecken.de\/index.php?rest_route=%2Fwp%2Fv2%2Fcategories&post=2083"},{"taxonomy":"post_tag","embeddable":true,"href":"https:\/\/jennecken.de\/index.php?rest_route=%2Fwp%2Fv2%2Ftags&post=2083"}],"curies":[{"name":"wp","href":"https:\/\/api.w.org\/{rel}","templated":true}]}}