{"id":2096,"date":"2015-05-11T09:49:00","date_gmt":"2015-05-11T07:49:00","guid":{"rendered":"http:\/\/jennecken.de\/?p=2096"},"modified":"2015-05-11T09:49:00","modified_gmt":"2015-05-11T07:49:00","slug":"heimatverein-dhoehe-waehlt-neuen-1-vorsitzenden","status":"publish","type":"post","link":"https:\/\/jennecken.de\/?p=2096","title":{"rendered":"Heimatverein D&#8217;h\u00f6he w\u00e4hlt neuen 1. Vorsitzenden"},"content":{"rendered":"<p>Auf der Mitgliederversammlung des Heimatvereins Drabenderh\u00f6he wurde Dominik Seitz zum neuen 1. Vorsitzenden gew\u00e4hlt. Ernst Jochen H\u00f6hler tritt nach 23-j\u00e4hriger Vorstandsarbeit aus gesundheitlichen Gr\u00fcnden zur\u00fcck.<!--more--><\/p>\n<p>Den vollst\u00e4ndigen Bericht findet Ihr <a href=\"http:\/\/www.oberberg-aktuell.de\/index.php?id=144&amp;tx_ttnews[tt_news]=168060\" target=\"_blank\">\u2026hier\u2192<\/a> (oberberg-aktuell).<\/p>\n","protected":false},"excerpt":{"rendered":"<p>Auf der Mitgliederversammlung des Heimatvereins Drabenderh\u00f6he wurde Dominik Seitz zum neuen 1. Vorsitzenden gew\u00e4hlt. Ernst Jochen H\u00f6hler tritt nach 23-j\u00e4hriger Vorstandsarbeit aus gesundheitlichen Gr\u00fcnden zur\u00fcck.<\/p>\n","protected":false},"author":1001002,"featured_media":874,"comment_status":"closed","ping_status":"closed","sticky":false,"template":"","format":"standard","meta":{"footnotes":""},"categories":[1],"tags":[23,90],"class_list":["post-2096","post","type-post","status-publish","format-standard","has-post-thumbnail","hentry","category-allgemein","tag-drabenderhoehe","tag-heimatverein"],"_links":{"self":[{"href":"https:\/\/jennecken.de\/index.php?rest_route=\/wp\/v2\/posts\/2096","targetHints":{"allow":["GET"]}}],"collection":[{"href":"https:\/\/jennecken.de\/index.php?rest_route=\/wp\/v2\/posts"}],"about":[{"href":"https:\/\/jennecken.de\/index.php?rest_route=\/wp\/v2\/types\/post"}],"author":[{"embeddable":true,"href":"https:\/\/jennecken.de\/index.php?rest_route=\/wp\/v2\/users\/1001002"}],"replies":[{"embeddable":true,"href":"https:\/\/jennecken.de\/index.php?rest_route=%2Fwp%2Fv2%2Fcomments&post=2096"}],"version-history":[{"count":3,"href":"https:\/\/jennecken.de\/index.php?rest_route=\/wp\/v2\/posts\/2096\/revisions"}],"predecessor-version":[{"id":2099,"href":"https:\/\/jennecken.de\/index.php?rest_route=\/wp\/v2\/posts\/2096\/revisions\/2099"}],"wp:featuredmedia":[{"embeddable":true,"href":"https:\/\/jennecken.de\/index.php?rest_route=\/wp\/v2\/media\/874"}],"wp:attachment":[{"href":"https:\/\/jennecken.de\/index.php?rest_route=%2Fwp%2Fv2%2Fmedia&parent=2096"}],"wp:term":[{"taxonomy":"category","embeddable":true,"href":"https:\/\/jennecken.de\/index.php?rest_route=%2Fwp%2Fv2%2Fcategories&post=2096"},{"taxonomy":"post_tag","embeddable":true,"href":"https:\/\/jennecken.de\/index.php?rest_route=%2Fwp%2Fv2%2Ftags&post=2096"}],"curies":[{"name":"wp","href":"https:\/\/api.w.org\/{rel}","templated":true}]}}