{"id":2102,"date":"2015-05-28T08:55:47","date_gmt":"2015-05-28T06:55:47","guid":{"rendered":"http:\/\/jennecken.de\/?p=2102"},"modified":"2015-05-28T08:55:47","modified_gmt":"2015-05-28T06:55:47","slug":"bericht-pfingstwandern","status":"publish","type":"post","link":"https:\/\/jennecken.de\/?p=2102","title":{"rendered":"Bericht Pfingstwandern"},"content":{"rendered":"<p><img decoding=\"async\" class=\"alignleft\" src=\"https:\/\/jennecken.de\/wp-content\/uploads\/wppa\/1954.jpg?ver=1\" alt=\"\" width=\"300\" \/>Obwohl der Wettergott es auch in diesem Jahr nicht gut meinte, entschied sich eine kleine Gruppe am Pfingstmontag zu einer Wanderung in und um Bielstein.\u00a0Der Zwischenstopp wurde kurzfristig in die Gastst\u00e4tte Haus Kranenberg verlegt.<!--more--><\/p>\n<p>Beim gem\u00fctlichen Beisammensein wurden allerlei Geschichten erz\u00e4hlt und sich f\u00fcr den R\u00fcckweg gest\u00e4rkt. \u00dcber die Rennbahn f\u00fchrte die Wanderung zur\u00fcck nach Jennecken.<\/p>\n","protected":false},"excerpt":{"rendered":"<p>Obwohl der Wettergott es auch in diesem Jahr nicht gut meinte, entschied sich eine kleine Gruppe am Pfingstmontag zu einer Wanderung in und um Bielstein.\u00a0Der Zwischenstopp wurde kurzfristig in die Gastst\u00e4tte Haus Kranenberg verlegt.<\/p>\n","protected":false},"author":1001002,"featured_media":2101,"comment_status":"closed","ping_status":"closed","sticky":false,"template":"","format":"standard","meta":{"footnotes":""},"categories":[4],"tags":[91,72],"class_list":["post-2102","post","type-post","status-publish","format-standard","has-post-thumbnail","hentry","category-neues-aus-jennecken","tag-pfingsten","tag-wandern"],"_links":{"self":[{"href":"https:\/\/jennecken.de\/index.php?rest_route=\/wp\/v2\/posts\/2102","targetHints":{"allow":["GET"]}}],"collection":[{"href":"https:\/\/jennecken.de\/index.php?rest_route=\/wp\/v2\/posts"}],"about":[{"href":"https:\/\/jennecken.de\/index.php?rest_route=\/wp\/v2\/types\/post"}],"author":[{"embeddable":true,"href":"https:\/\/jennecken.de\/index.php?rest_route=\/wp\/v2\/users\/1001002"}],"replies":[{"embeddable":true,"href":"https:\/\/jennecken.de\/index.php?rest_route=%2Fwp%2Fv2%2Fcomments&post=2102"}],"version-history":[{"count":2,"href":"https:\/\/jennecken.de\/index.php?rest_route=\/wp\/v2\/posts\/2102\/revisions"}],"predecessor-version":[{"id":2104,"href":"https:\/\/jennecken.de\/index.php?rest_route=\/wp\/v2\/posts\/2102\/revisions\/2104"}],"wp:featuredmedia":[{"embeddable":true,"href":"https:\/\/jennecken.de\/index.php?rest_route=\/wp\/v2\/media\/2101"}],"wp:attachment":[{"href":"https:\/\/jennecken.de\/index.php?rest_route=%2Fwp%2Fv2%2Fmedia&parent=2102"}],"wp:term":[{"taxonomy":"category","embeddable":true,"href":"https:\/\/jennecken.de\/index.php?rest_route=%2Fwp%2Fv2%2Fcategories&post=2102"},{"taxonomy":"post_tag","embeddable":true,"href":"https:\/\/jennecken.de\/index.php?rest_route=%2Fwp%2Fv2%2Ftags&post=2102"}],"curies":[{"name":"wp","href":"https:\/\/api.w.org\/{rel}","templated":true}]}}