{"id":2138,"date":"2015-06-24T09:29:04","date_gmt":"2015-06-24T07:29:04","guid":{"rendered":"http:\/\/jennecken.de\/?p=2138"},"modified":"2015-06-24T09:29:39","modified_gmt":"2015-06-24T07:29:39","slug":"bilder-vom-dorffest-2","status":"publish","type":"post","link":"https:\/\/jennecken.de\/?p=2138","title":{"rendered":"Bilder vom Dorffest"},"content":{"rendered":"<p>Am vergangenen Samstag, dem 20. Juni, feierten wir unser Dorffest. In kleinem, aber feinem Rahmen trafen wir uns vor dem Dorfhaus zu leckerem vom Grill und k\u00fchlen Getr\u00e4nken.<!--more--><\/p>\n<p>Angesichts der Temperaturen fehlte nur der Gl\u00fchwein. Da wir in den letzten Jahren auch nicht gerade vom Wetter verw\u00f6hnt wurden, sollten wir ihn f\u00fcr das n\u00e4chste Jahr in unser Angebot mit aufnehmen.<\/p>\n<p>Ein paar Bilder vom Dorffest findet Ihr <a href=\"https:\/\/jennecken.de\/?page_id=1905&amp;wppa-album=115&amp;wppa-cover=0&amp;wppa-occur=1\">\u2026hier\u00bb<\/a>.<\/p>\n","protected":false},"excerpt":{"rendered":"<p>Am vergangenen Samstag, dem 20. Juni, feierten wir unser Dorffest. In kleinem, aber feinem Rahmen trafen wir uns vor dem Dorfhaus zu leckerem vom Grill und k\u00fchlen Getr\u00e4nken.<\/p>\n","protected":false},"author":1001002,"featured_media":2139,"comment_status":"closed","ping_status":"closed","sticky":false,"template":"","format":"standard","meta":{"footnotes":""},"categories":[4,5],"tags":[107],"class_list":["post-2138","post","type-post","status-publish","format-standard","has-post-thumbnail","hentry","category-neues-aus-jennecken","category-veranstaltungen","tag-dorffest"],"_links":{"self":[{"href":"https:\/\/jennecken.de\/index.php?rest_route=\/wp\/v2\/posts\/2138","targetHints":{"allow":["GET"]}}],"collection":[{"href":"https:\/\/jennecken.de\/index.php?rest_route=\/wp\/v2\/posts"}],"about":[{"href":"https:\/\/jennecken.de\/index.php?rest_route=\/wp\/v2\/types\/post"}],"author":[{"embeddable":true,"href":"https:\/\/jennecken.de\/index.php?rest_route=\/wp\/v2\/users\/1001002"}],"replies":[{"embeddable":true,"href":"https:\/\/jennecken.de\/index.php?rest_route=%2Fwp%2Fv2%2Fcomments&post=2138"}],"version-history":[{"count":2,"href":"https:\/\/jennecken.de\/index.php?rest_route=\/wp\/v2\/posts\/2138\/revisions"}],"predecessor-version":[{"id":2141,"href":"https:\/\/jennecken.de\/index.php?rest_route=\/wp\/v2\/posts\/2138\/revisions\/2141"}],"wp:featuredmedia":[{"embeddable":true,"href":"https:\/\/jennecken.de\/index.php?rest_route=\/wp\/v2\/media\/2139"}],"wp:attachment":[{"href":"https:\/\/jennecken.de\/index.php?rest_route=%2Fwp%2Fv2%2Fmedia&parent=2138"}],"wp:term":[{"taxonomy":"category","embeddable":true,"href":"https:\/\/jennecken.de\/index.php?rest_route=%2Fwp%2Fv2%2Fcategories&post=2138"},{"taxonomy":"post_tag","embeddable":true,"href":"https:\/\/jennecken.de\/index.php?rest_route=%2Fwp%2Fv2%2Ftags&post=2138"}],"curies":[{"name":"wp","href":"https:\/\/api.w.org\/{rel}","templated":true}]}}