{"id":2184,"date":"2015-08-25T21:42:11","date_gmt":"2015-08-25T19:42:11","guid":{"rendered":"http:\/\/jennecken.de\/?p=2184"},"modified":"2016-12-08T13:19:51","modified_gmt":"2016-12-08T12:19:51","slug":"tolles-programm-beim-erntefest-in-drabenderhoehe","status":"publish","type":"post","link":"https:\/\/jennecken.de\/?p=2184","title":{"rendered":"Tolles Programm beim Erntefest"},"content":{"rendered":"<p>Am 12. und 13. September 2015 findet in Drabenderh\u00f6he das 58. Erntedankfest statt. Der Vorstand des Drabenderh\u00f6her Erntevereins hat nach den erfolgreichen Ver\u00e4nderungen des Festes im letzten Jahr in diesem Jahr nur noch<!--more--> an einigen Stellen Abl\u00e4ufe und Programmpunkte weiter optimiert. \u201eAber diese \u00c4nderungen werden auch wieder f\u00fcr ein Staunen und vor allem gute Stimmung bei den G\u00e4sten sorgen\u201c, ist sich der Vorsitzende Volker Stache und noch amtierender Erntevater sehr sicher. (Quelle: wiehl.de)<\/p>\n<p>Den vollst\u00e4ndigen\u00a0Bericht findet Ihr <a href=\"http:\/\/www.wiehl.de\/aktuelles\/neuigkeiten\/termine\/1876-tolles-programm-beim-erntefest-in.html\" target=\"_blank\">&#8230;hier\u2192<\/a> (wiehl.de).<\/p>\n","protected":false},"excerpt":{"rendered":"<p>Am 12. und 13. September 2015 findet in Drabenderh\u00f6he das 58. Erntedankfest statt. Der Vorstand des Drabenderh\u00f6her Erntevereins hat nach den erfolgreichen Ver\u00e4nderungen des Festes im letzten Jahr in diesem Jahr nur noch<\/p>\n","protected":false},"author":1001002,"featured_media":2188,"comment_status":"closed","ping_status":"closed","sticky":false,"template":"","format":"standard","meta":{"footnotes":""},"categories":[1],"tags":[23,105],"class_list":["post-2184","post","type-post","status-publish","format-standard","has-post-thumbnail","hentry","category-allgemein","tag-drabenderhoehe","tag-erntefest"],"_links":{"self":[{"href":"https:\/\/jennecken.de\/index.php?rest_route=\/wp\/v2\/posts\/2184","targetHints":{"allow":["GET"]}}],"collection":[{"href":"https:\/\/jennecken.de\/index.php?rest_route=\/wp\/v2\/posts"}],"about":[{"href":"https:\/\/jennecken.de\/index.php?rest_route=\/wp\/v2\/types\/post"}],"author":[{"embeddable":true,"href":"https:\/\/jennecken.de\/index.php?rest_route=\/wp\/v2\/users\/1001002"}],"replies":[{"embeddable":true,"href":"https:\/\/jennecken.de\/index.php?rest_route=%2Fwp%2Fv2%2Fcomments&post=2184"}],"version-history":[{"count":7,"href":"https:\/\/jennecken.de\/index.php?rest_route=\/wp\/v2\/posts\/2184\/revisions"}],"predecessor-version":[{"id":3089,"href":"https:\/\/jennecken.de\/index.php?rest_route=\/wp\/v2\/posts\/2184\/revisions\/3089"}],"wp:featuredmedia":[{"embeddable":true,"href":"https:\/\/jennecken.de\/index.php?rest_route=\/wp\/v2\/media\/2188"}],"wp:attachment":[{"href":"https:\/\/jennecken.de\/index.php?rest_route=%2Fwp%2Fv2%2Fmedia&parent=2184"}],"wp:term":[{"taxonomy":"category","embeddable":true,"href":"https:\/\/jennecken.de\/index.php?rest_route=%2Fwp%2Fv2%2Fcategories&post=2184"},{"taxonomy":"post_tag","embeddable":true,"href":"https:\/\/jennecken.de\/index.php?rest_route=%2Fwp%2Fv2%2Ftags&post=2184"}],"curies":[{"name":"wp","href":"https:\/\/api.w.org\/{rel}","templated":true}]}}