{"id":2193,"date":"2015-09-01T08:12:20","date_gmt":"2015-09-01T06:12:20","guid":{"rendered":"http:\/\/jennecken.de\/?p=2193"},"modified":"2016-12-08T13:19:33","modified_gmt":"2016-12-08T12:19:33","slug":"jennecker-erntewagen","status":"publish","type":"post","link":"https:\/\/jennecken.de\/?p=2193","title":{"rendered":"Jennecker Erntewagen"},"content":{"rendered":"<p>Am Samstag, den 05.09.2015 treffen wir uns um 15 Uhr im Dorfhaus\u00a0 zum diesj\u00e4hrigen Erntewagenbau.<br \/>\nWir laden alle Jennecker ein sich hieran zu beteiligen! Das f\u00f6rdert die Gemeinschaft und macht zudem noch eine Menge Spa\u00df!\u00a0<!--more-->Kommt und macht alle mit, egal ob alt oder jung!<br \/>\nDie weiteren Treffen werden wie gewohnt abgesprochen.<\/p>\n<p>Unser Motto 2015 lautet:<br \/>\nBierweg &#8211;\u00a0Hopfen und Malz Gott erhalts<br \/>\nDer Ernteumzug findet dieses Jahr am 13.09.2015 statt.<\/p>\n","protected":false},"excerpt":{"rendered":"<p>Am Samstag, den 05.09.2015 treffen wir uns um 15 Uhr im Dorfhaus\u00a0 zum diesj\u00e4hrigen Erntewagenbau. Wir laden alle Jennecker ein sich hieran zu beteiligen! Das f\u00f6rdert die Gemeinschaft und macht zudem noch eine Menge Spa\u00df!\u00a0<\/p>\n","protected":false},"author":1001002,"featured_media":1510,"comment_status":"closed","ping_status":"closed","sticky":false,"template":"","format":"standard","meta":{"footnotes":""},"categories":[4,8],"tags":[105,104],"class_list":["post-2193","post","type-post","status-publish","format-standard","has-post-thumbnail","hentry","category-neues-aus-jennecken","category-termine-und-einladungen","tag-erntefest","tag-erntewagen"],"_links":{"self":[{"href":"https:\/\/jennecken.de\/index.php?rest_route=\/wp\/v2\/posts\/2193","targetHints":{"allow":["GET"]}}],"collection":[{"href":"https:\/\/jennecken.de\/index.php?rest_route=\/wp\/v2\/posts"}],"about":[{"href":"https:\/\/jennecken.de\/index.php?rest_route=\/wp\/v2\/types\/post"}],"author":[{"embeddable":true,"href":"https:\/\/jennecken.de\/index.php?rest_route=\/wp\/v2\/users\/1001002"}],"replies":[{"embeddable":true,"href":"https:\/\/jennecken.de\/index.php?rest_route=%2Fwp%2Fv2%2Fcomments&post=2193"}],"version-history":[{"count":9,"href":"https:\/\/jennecken.de\/index.php?rest_route=\/wp\/v2\/posts\/2193\/revisions"}],"predecessor-version":[{"id":3088,"href":"https:\/\/jennecken.de\/index.php?rest_route=\/wp\/v2\/posts\/2193\/revisions\/3088"}],"wp:featuredmedia":[{"embeddable":true,"href":"https:\/\/jennecken.de\/index.php?rest_route=\/wp\/v2\/media\/1510"}],"wp:attachment":[{"href":"https:\/\/jennecken.de\/index.php?rest_route=%2Fwp%2Fv2%2Fmedia&parent=2193"}],"wp:term":[{"taxonomy":"category","embeddable":true,"href":"https:\/\/jennecken.de\/index.php?rest_route=%2Fwp%2Fv2%2Fcategories&post=2193"},{"taxonomy":"post_tag","embeddable":true,"href":"https:\/\/jennecken.de\/index.php?rest_route=%2Fwp%2Fv2%2Ftags&post=2193"}],"curies":[{"name":"wp","href":"https:\/\/api.w.org\/{rel}","templated":true}]}}