{"id":2289,"date":"2015-09-22T07:58:50","date_gmt":"2015-09-22T05:58:50","guid":{"rendered":"http:\/\/jennecken.de\/?p=2289"},"modified":"2016-12-08T13:19:03","modified_gmt":"2016-12-08T12:19:03","slug":"bericht-zum-erntedankfest","status":"publish","type":"post","link":"https:\/\/jennecken.de\/?p=2289","title":{"rendered":"Bericht zum Erntedankfest"},"content":{"rendered":"<p>\u201eErntedank, das ist doch klar, feiern wir auch dieses Jahr.\u201c Das Motto der evangelischen Jugend , die den Festumzug mitgestaltete, schrieben sich viele Drabenderh\u00f6her auf die Fahne und sie machten mit.<!--more--><\/p>\n<p>Dass in Reihen des Erntevereins\u00a0ein frischer Wind weht,\u00a0seitdem Volker Stache den Vorsitz \u00fcbernommen hat, das zeigte bereits der Samstagabend. Der Ernteball war so gut besucht, wie seit Jahren nicht. Neben benachbarten Erntepaaren z\u00e4hlte viel junge Leute zu den G\u00e4sten, die durch ein erstklassiges Programm in Hochstimmung versetzt wurden. Mit den Teich-Boys aus Much, den Bielsteiner Tanzm\u00e4usen, den Veedel-Jungs, einem Sketch und und Liedvortr\u00e4gen von Frauenchor und M\u00e4nnergesangverein ging im Kulturhaus die Post ab.<br \/>\n(Text und Bilder: wiehl.de)<\/p>\n<p>Den vollst\u00e4ndigen Bericht, Bilder und Videos zum Erntefest 2015 findet ihr <a href=\"http:\/\/www.wiehl.de\/aktuelles\/neuigkeiten\/nachrichten\/4874-erntedankfest-in-drabenderhoehe.html\" target=\"_blank\">&#8230;hier\u2192<\/a> (wiehl.de).<\/p>\n","protected":false},"excerpt":{"rendered":"<p>\u201eErntedank, das ist doch klar, feiern wir auch dieses Jahr.\u201c Das Motto der evangelischen Jugend , die den Festumzug mitgestaltete, schrieben sich viele Drabenderh\u00f6her auf die Fahne und sie machten mit.<\/p>\n","protected":false},"author":1001002,"featured_media":2458,"comment_status":"closed","ping_status":"closed","sticky":false,"template":"","format":"standard","meta":{"footnotes":""},"categories":[1],"tags":[46,105,22,104],"class_list":["post-2289","post","type-post","status-publish","format-standard","has-post-thumbnail","hentry","category-allgemein","tag-erntedankfest","tag-erntefest","tag-ernteverein","tag-erntewagen"],"_links":{"self":[{"href":"https:\/\/jennecken.de\/index.php?rest_route=\/wp\/v2\/posts\/2289","targetHints":{"allow":["GET"]}}],"collection":[{"href":"https:\/\/jennecken.de\/index.php?rest_route=\/wp\/v2\/posts"}],"about":[{"href":"https:\/\/jennecken.de\/index.php?rest_route=\/wp\/v2\/types\/post"}],"author":[{"embeddable":true,"href":"https:\/\/jennecken.de\/index.php?rest_route=\/wp\/v2\/users\/1001002"}],"replies":[{"embeddable":true,"href":"https:\/\/jennecken.de\/index.php?rest_route=%2Fwp%2Fv2%2Fcomments&post=2289"}],"version-history":[{"count":5,"href":"https:\/\/jennecken.de\/index.php?rest_route=\/wp\/v2\/posts\/2289\/revisions"}],"predecessor-version":[{"id":3086,"href":"https:\/\/jennecken.de\/index.php?rest_route=\/wp\/v2\/posts\/2289\/revisions\/3086"}],"wp:featuredmedia":[{"embeddable":true,"href":"https:\/\/jennecken.de\/index.php?rest_route=\/wp\/v2\/media\/2458"}],"wp:attachment":[{"href":"https:\/\/jennecken.de\/index.php?rest_route=%2Fwp%2Fv2%2Fmedia&parent=2289"}],"wp:term":[{"taxonomy":"category","embeddable":true,"href":"https:\/\/jennecken.de\/index.php?rest_route=%2Fwp%2Fv2%2Fcategories&post=2289"},{"taxonomy":"post_tag","embeddable":true,"href":"https:\/\/jennecken.de\/index.php?rest_route=%2Fwp%2Fv2%2Ftags&post=2289"}],"curies":[{"name":"wp","href":"https:\/\/api.w.org\/{rel}","templated":true}]}}