{"id":2595,"date":"2015-10-06T09:16:27","date_gmt":"2015-10-06T07:16:27","guid":{"rendered":"http:\/\/jennecken.de\/?p=2595"},"modified":"2016-12-08T13:18:32","modified_gmt":"2016-12-08T12:18:32","slug":"jennecker-oktoberfest-2","status":"publish","type":"post","link":"https:\/\/jennecken.de\/?p=2595","title":{"rendered":"Jennecker Oktoberfest"},"content":{"rendered":"<p>Wir m\u00f6chten das\u00a0Jahr 2015 wieder mit einem z\u00fcnftigen Oktoberfest bei Haxn und Bier abrunden. Hierzu laden wir Euch am Samstag, den 24. Oktober 2015 ab\u00a019:00 Uhr ins Dorfhaus in Jennecken ein.<!--more--><\/p>\n<p>In diesem Jahr bieten wir f\u00fcr das leibliche Wohl wahlweise folgende Speisen an:<\/p>\n<p>\u2022 gro\u00dfe, bayerische Grillhaxe\/Sauerkraut\/P\u00fcree (zu je 8,50 \u20ac)<br \/>\n\u2022 Leberk\u00e4s\/Sauerkraut\/P\u00fcree (zu je 7,00 \u20ac)<br \/>\n\u2022 zwei Bockw\u00fcrstchen mit Kartoffelsalat (zu je 4,00 \u20ac)<\/p>\n<p>\u00dcber eine rege Teilnahme w\u00fcrden wir uns sehr freuen. Freunde und Bekannte k\u00f6nnen gerne mitkommen (bitte bei Essensbestellung ber\u00fccksichtigen).\u00a0Trachten sind nat\u00fcrlich erw\u00fcnscht, allerdings keine Pflicht!<\/p>\n<p>Um Essensanmeldung wird bis zum 17.Oktober 2015 gebeten!<br \/>\nZum Anmeldeformular <a href=\"http:\/\/www.jennecken.de\/pdf-einladungen\/2015\/Anmeldung_Oktoberfest.pdf\" target=\"_blank\">&#8230;hier\u00bb<\/a>.<\/p>\n<p>Die Einladung wurde bereits an alle Jennecker per Hauspost verteilt.<\/p>\n","protected":false},"excerpt":{"rendered":"<p>Wir m\u00f6chten das\u00a0Jahr 2015 wieder mit einem z\u00fcnftigen Oktoberfest bei Haxn und Bier abrunden. Hierzu laden wir Euch am Samstag, den 24. Oktober 2015 ab\u00a019:00 Uhr ins Dorfhaus in Jennecken ein.<\/p>\n","protected":false},"author":1001002,"featured_media":1518,"comment_status":"closed","ping_status":"closed","sticky":false,"template":"","format":"standard","meta":{"footnotes":""},"categories":[4,8],"tags":[115],"class_list":["post-2595","post","type-post","status-publish","format-standard","has-post-thumbnail","hentry","category-neues-aus-jennecken","category-termine-und-einladungen","tag-oktoberfest"],"_links":{"self":[{"href":"https:\/\/jennecken.de\/index.php?rest_route=\/wp\/v2\/posts\/2595","targetHints":{"allow":["GET"]}}],"collection":[{"href":"https:\/\/jennecken.de\/index.php?rest_route=\/wp\/v2\/posts"}],"about":[{"href":"https:\/\/jennecken.de\/index.php?rest_route=\/wp\/v2\/types\/post"}],"author":[{"embeddable":true,"href":"https:\/\/jennecken.de\/index.php?rest_route=\/wp\/v2\/users\/1001002"}],"replies":[{"embeddable":true,"href":"https:\/\/jennecken.de\/index.php?rest_route=%2Fwp%2Fv2%2Fcomments&post=2595"}],"version-history":[{"count":5,"href":"https:\/\/jennecken.de\/index.php?rest_route=\/wp\/v2\/posts\/2595\/revisions"}],"predecessor-version":[{"id":3084,"href":"https:\/\/jennecken.de\/index.php?rest_route=\/wp\/v2\/posts\/2595\/revisions\/3084"}],"wp:featuredmedia":[{"embeddable":true,"href":"https:\/\/jennecken.de\/index.php?rest_route=\/wp\/v2\/media\/1518"}],"wp:attachment":[{"href":"https:\/\/jennecken.de\/index.php?rest_route=%2Fwp%2Fv2%2Fmedia&parent=2595"}],"wp:term":[{"taxonomy":"category","embeddable":true,"href":"https:\/\/jennecken.de\/index.php?rest_route=%2Fwp%2Fv2%2Fcategories&post=2595"},{"taxonomy":"post_tag","embeddable":true,"href":"https:\/\/jennecken.de\/index.php?rest_route=%2Fwp%2Fv2%2Ftags&post=2595"}],"curies":[{"name":"wp","href":"https:\/\/api.w.org\/{rel}","templated":true}]}}