{"id":2687,"date":"2015-10-07T20:35:25","date_gmt":"2015-10-07T18:35:25","guid":{"rendered":"http:\/\/jennecken.de\/?p=2687"},"modified":"2016-12-08T13:18:16","modified_gmt":"2016-12-08T12:18:16","slug":"neuaufbau-der-homepage","status":"publish","type":"post","link":"https:\/\/jennecken.de\/?p=2687","title":{"rendered":"Neuaufbau der Homepage"},"content":{"rendered":"<p>Wie ihr schon gesehen habt pr\u00e4sentiert sich unsere Homepage in neuem Gewand. Allerdings nicht ganz freiwillig!<br \/>\nAuf Grund eines erneuten Hackerangriffs musste die Seite\u00a0komplett neu aufgebaut werden. <!--more-->Zum Gl\u00fcck konnten die Inhalte noch gerettet und wiederhergestellt werden.<\/p>\n<p>Zur Zeit wird das Fotoalbum St\u00fcck f\u00fcr St\u00fcck neu aufgebaut. Wie gewohnt ist es unter dem Men\u00fcpunkt Galerie zu finden. Auch hier gibt es sowohl technische wie\u00a0optische Ver\u00e4nderungen.<\/p>\n<p>Bei der Neugestaltung unserer Homepage wurde bewusst auf optischen Schnickschnack verzichtet. Die Sicherheit und Nachhaltigkeit stand dieses Mal im Vordergrund. Trotzdem hoffen wir, dass das neue Design gef\u00e4llt und die Seite weiterhin\u00a0regen Zulauf findet.<\/p>\n","protected":false},"excerpt":{"rendered":"<p>Wie ihr schon gesehen habt pr\u00e4sentiert sich unsere Homepage in neuem Gewand. Allerdings nicht ganz freiwillig! Auf Grund eines erneuten Hackerangriffs musste die Seite\u00a0komplett neu aufgebaut werden.<\/p>\n","protected":false},"author":1001002,"featured_media":2688,"comment_status":"closed","ping_status":"closed","sticky":false,"template":"","format":"standard","meta":{"footnotes":""},"categories":[4],"tags":[118,117],"class_list":["post-2687","post","type-post","status-publish","format-standard","has-post-thumbnail","hentry","category-neues-aus-jennecken","tag-album","tag-fotos"],"_links":{"self":[{"href":"https:\/\/jennecken.de\/index.php?rest_route=\/wp\/v2\/posts\/2687","targetHints":{"allow":["GET"]}}],"collection":[{"href":"https:\/\/jennecken.de\/index.php?rest_route=\/wp\/v2\/posts"}],"about":[{"href":"https:\/\/jennecken.de\/index.php?rest_route=\/wp\/v2\/types\/post"}],"author":[{"embeddable":true,"href":"https:\/\/jennecken.de\/index.php?rest_route=\/wp\/v2\/users\/1001002"}],"replies":[{"embeddable":true,"href":"https:\/\/jennecken.de\/index.php?rest_route=%2Fwp%2Fv2%2Fcomments&post=2687"}],"version-history":[{"count":3,"href":"https:\/\/jennecken.de\/index.php?rest_route=\/wp\/v2\/posts\/2687\/revisions"}],"predecessor-version":[{"id":3083,"href":"https:\/\/jennecken.de\/index.php?rest_route=\/wp\/v2\/posts\/2687\/revisions\/3083"}],"wp:featuredmedia":[{"embeddable":true,"href":"https:\/\/jennecken.de\/index.php?rest_route=\/wp\/v2\/media\/2688"}],"wp:attachment":[{"href":"https:\/\/jennecken.de\/index.php?rest_route=%2Fwp%2Fv2%2Fmedia&parent=2687"}],"wp:term":[{"taxonomy":"category","embeddable":true,"href":"https:\/\/jennecken.de\/index.php?rest_route=%2Fwp%2Fv2%2Fcategories&post=2687"},{"taxonomy":"post_tag","embeddable":true,"href":"https:\/\/jennecken.de\/index.php?rest_route=%2Fwp%2Fv2%2Ftags&post=2687"}],"curies":[{"name":"wp","href":"https:\/\/api.w.org\/{rel}","templated":true}]}}