{"id":2714,"date":"2015-11-10T08:54:43","date_gmt":"2015-11-10T07:54:43","guid":{"rendered":"http:\/\/jennecken.de\/?p=2714"},"modified":"2016-12-08T13:17:42","modified_gmt":"2016-12-08T12:17:42","slug":"kvb-terminuebersicht","status":"publish","type":"post","link":"https:\/\/jennecken.de\/?p=2714","title":{"rendered":"KVB Termin\u00fcbersicht"},"content":{"rendered":"<p>Hier eine Termin\u00fcbersicht \u00fcber die Veranstaltungen des Karnevalsverein Bielstein f\u00fcr die Session 2015\/2016.<br \/>\nGenauere Informationen zu den einzelnen Veranstaltungen findet Ihr unter <!--more--><a href=\"http:\/\/kv-bielstein.de\/kvb\/index.php?Itemid=465&amp;option=com_content&amp;view=featured\" target=\"_blank\">kv-bielstein.de\u2192<\/a>.<\/p>\n<p><a href=\"https:\/\/jennecken.de\/wp-content\/uploads\/2015\/11\/KVB_Termine_2015.jpg\"><img loading=\"lazy\" decoding=\"async\" class=\"alignleft size-full wp-image-2713\" src=\"https:\/\/jennecken.de\/wp-content\/uploads\/2015\/11\/KVB_Termine_2015.jpg\" alt=\"KVB_Termine_2015\" width=\"517\" height=\"720\" srcset=\"https:\/\/jennecken.de\/wp-content\/uploads\/2015\/11\/KVB_Termine_2015.jpg 517w, https:\/\/jennecken.de\/wp-content\/uploads\/2015\/11\/KVB_Termine_2015-215x300.jpg 215w\" sizes=\"auto, (max-width: 517px) 100vw, 517px\" \/><\/a><\/p>\n","protected":false},"excerpt":{"rendered":"<p>Hier eine Termin\u00fcbersicht \u00fcber die Veranstaltungen des Karnevalsverein Bielstein f\u00fcr die Session 2015\/2016. Genauere Informationen zu den einzelnen Veranstaltungen findet Ihr unter<\/p>\n","protected":false},"author":1001002,"featured_media":1631,"comment_status":"closed","ping_status":"closed","sticky":false,"template":"","format":"standard","meta":{"footnotes":""},"categories":[1],"tags":[66,120],"class_list":["post-2714","post","type-post","status-publish","format-standard","has-post-thumbnail","hentry","category-allgemein","tag-karneval","tag-kvb"],"_links":{"self":[{"href":"https:\/\/jennecken.de\/index.php?rest_route=\/wp\/v2\/posts\/2714","targetHints":{"allow":["GET"]}}],"collection":[{"href":"https:\/\/jennecken.de\/index.php?rest_route=\/wp\/v2\/posts"}],"about":[{"href":"https:\/\/jennecken.de\/index.php?rest_route=\/wp\/v2\/types\/post"}],"author":[{"embeddable":true,"href":"https:\/\/jennecken.de\/index.php?rest_route=\/wp\/v2\/users\/1001002"}],"replies":[{"embeddable":true,"href":"https:\/\/jennecken.de\/index.php?rest_route=%2Fwp%2Fv2%2Fcomments&post=2714"}],"version-history":[{"count":4,"href":"https:\/\/jennecken.de\/index.php?rest_route=\/wp\/v2\/posts\/2714\/revisions"}],"predecessor-version":[{"id":3081,"href":"https:\/\/jennecken.de\/index.php?rest_route=\/wp\/v2\/posts\/2714\/revisions\/3081"}],"wp:featuredmedia":[{"embeddable":true,"href":"https:\/\/jennecken.de\/index.php?rest_route=\/wp\/v2\/media\/1631"}],"wp:attachment":[{"href":"https:\/\/jennecken.de\/index.php?rest_route=%2Fwp%2Fv2%2Fmedia&parent=2714"}],"wp:term":[{"taxonomy":"category","embeddable":true,"href":"https:\/\/jennecken.de\/index.php?rest_route=%2Fwp%2Fv2%2Fcategories&post=2714"},{"taxonomy":"post_tag","embeddable":true,"href":"https:\/\/jennecken.de\/index.php?rest_route=%2Fwp%2Fv2%2Ftags&post=2714"}],"curies":[{"name":"wp","href":"https:\/\/api.w.org\/{rel}","templated":true}]}}