{"id":2719,"date":"2015-11-18T16:05:40","date_gmt":"2015-11-18T15:05:40","guid":{"rendered":"http:\/\/jennecken.de\/?p=2719"},"modified":"2016-12-08T13:17:26","modified_gmt":"2016-12-08T12:17:26","slug":"jennecker-weihnachtsbaum-2","status":"publish","type":"post","link":"https:\/\/jennecken.de\/?p=2719","title":{"rendered":"Jennecker Weihnachtsbaum"},"content":{"rendered":"<p>In Anlehnung an alte Zeiten wollen wir am Samstag, den 28.11.2015, um 15 Uhr am Spielplatz einen Weihnachtsbaum aufstellen. Alle Jennecker sind herzlich willkommen.<br \/>\nNach Abschluss der Arbeit m\u00f6chten wir\u00a0<!--more-->mit Alt und Jung bei selbstgemachtem, leckerem Gl\u00fchwein und Kinderpunsch unseren sch\u00f6nen Weihnachtsbaum zum Leuchten bringen.<\/p>\n<p>Treffpunkt ist um 15:00 Uhr am Spielplatz!<\/p>\n<p>Wer mitfahren m\u00f6chte den Weihnachtsbaum holen: Treffpunkt hierf\u00fcr ist um 13:00 Uhr bei Sven B\u00fcser.<\/p>\n<p>\u00dcber zahlreiches Erscheinen w\u00fcrden wir uns freuen.<\/p>\n","protected":false},"excerpt":{"rendered":"<p>In Anlehnung an alte Zeiten wollen wir am Samstag, den 28.11.2015, um 15 Uhr am Spielplatz einen Weihnachtsbaum aufstellen. Alle Jennecker sind herzlich willkommen. Nach Abschluss der Arbeit m\u00f6chten wir\u00a0<\/p>\n","protected":false},"author":1001002,"featured_media":1840,"comment_status":"closed","ping_status":"closed","sticky":false,"template":"","format":"standard","meta":{"footnotes":""},"categories":[4,8],"tags":[121],"class_list":["post-2719","post","type-post","status-publish","format-standard","has-post-thumbnail","hentry","category-neues-aus-jennecken","category-termine-und-einladungen","tag-weihnachten"],"_links":{"self":[{"href":"https:\/\/jennecken.de\/index.php?rest_route=\/wp\/v2\/posts\/2719","targetHints":{"allow":["GET"]}}],"collection":[{"href":"https:\/\/jennecken.de\/index.php?rest_route=\/wp\/v2\/posts"}],"about":[{"href":"https:\/\/jennecken.de\/index.php?rest_route=\/wp\/v2\/types\/post"}],"author":[{"embeddable":true,"href":"https:\/\/jennecken.de\/index.php?rest_route=\/wp\/v2\/users\/1001002"}],"replies":[{"embeddable":true,"href":"https:\/\/jennecken.de\/index.php?rest_route=%2Fwp%2Fv2%2Fcomments&post=2719"}],"version-history":[{"count":6,"href":"https:\/\/jennecken.de\/index.php?rest_route=\/wp\/v2\/posts\/2719\/revisions"}],"predecessor-version":[{"id":3080,"href":"https:\/\/jennecken.de\/index.php?rest_route=\/wp\/v2\/posts\/2719\/revisions\/3080"}],"wp:featuredmedia":[{"embeddable":true,"href":"https:\/\/jennecken.de\/index.php?rest_route=\/wp\/v2\/media\/1840"}],"wp:attachment":[{"href":"https:\/\/jennecken.de\/index.php?rest_route=%2Fwp%2Fv2%2Fmedia&parent=2719"}],"wp:term":[{"taxonomy":"category","embeddable":true,"href":"https:\/\/jennecken.de\/index.php?rest_route=%2Fwp%2Fv2%2Fcategories&post=2719"},{"taxonomy":"post_tag","embeddable":true,"href":"https:\/\/jennecken.de\/index.php?rest_route=%2Fwp%2Fv2%2Ftags&post=2719"}],"curies":[{"name":"wp","href":"https:\/\/api.w.org\/{rel}","templated":true}]}}