{"id":2736,"date":"2015-12-07T11:28:23","date_gmt":"2015-12-07T10:28:23","guid":{"rendered":"http:\/\/jennecken.de\/?p=2736"},"modified":"2016-12-08T13:16:51","modified_gmt":"2016-12-08T12:16:51","slug":"bilder-vom-weihnachtsbaum","status":"publish","type":"post","link":"https:\/\/jennecken.de\/?p=2736","title":{"rendered":"Bilder vom Weihnachtsbaum"},"content":{"rendered":"<p>Am 28.11.2015, p\u00fcnktlich zum 1. Advent, wurde der Jennecker Weihnachtsbaum aufgestellt. Im Vorfeld wurde hierf\u00fcr extra ein Weihnachtsbaumst\u00e4nder in den Boden einbetoniert\u00a0und eine neue Lichterkette angeschafft.<!--more--><\/p>\n<p>Wir danken der Familie Scheel f\u00fcr die Stromversorgung!<\/p>\n<p>Zu den Foto&#8217;s geht es\u00a0<a href=\"https:\/\/photos.google.com\/share\/AF1QipOGluJUTMTfLy9ugQ4A16xmOrkCrqib4jofVYGt8ESq9BGCPiYb1zW-4s_SvScBuA?key=Ni14Rm5oV2Z3V3d4c01FWDNyeUswU3hZSHM4NkR3\" target=\"_blank\">&#8230; hier\u00a0\u00bb<\/a>.<\/p>\n","protected":false},"excerpt":{"rendered":"<p>Am 28.11.2015, p\u00fcnktlich zum 1. Advent, wurde der Jennecker Weihnachtsbaum aufgestellt. Im Vorfeld wurde hierf\u00fcr extra ein Weihnachtsbaumst\u00e4nder in den Boden einbetoniert\u00a0und eine neue Lichterkette angeschafft.<\/p>\n","protected":false},"author":1001002,"featured_media":2726,"comment_status":"closed","ping_status":"closed","sticky":false,"template":"","format":"standard","meta":{"footnotes":""},"categories":[4],"tags":[123],"class_list":["post-2736","post","type-post","status-publish","format-standard","has-post-thumbnail","hentry","category-neues-aus-jennecken","tag-weihnachtsbaum"],"_links":{"self":[{"href":"https:\/\/jennecken.de\/index.php?rest_route=\/wp\/v2\/posts\/2736","targetHints":{"allow":["GET"]}}],"collection":[{"href":"https:\/\/jennecken.de\/index.php?rest_route=\/wp\/v2\/posts"}],"about":[{"href":"https:\/\/jennecken.de\/index.php?rest_route=\/wp\/v2\/types\/post"}],"author":[{"embeddable":true,"href":"https:\/\/jennecken.de\/index.php?rest_route=\/wp\/v2\/users\/1001002"}],"replies":[{"embeddable":true,"href":"https:\/\/jennecken.de\/index.php?rest_route=%2Fwp%2Fv2%2Fcomments&post=2736"}],"version-history":[{"count":7,"href":"https:\/\/jennecken.de\/index.php?rest_route=\/wp\/v2\/posts\/2736\/revisions"}],"predecessor-version":[{"id":3078,"href":"https:\/\/jennecken.de\/index.php?rest_route=\/wp\/v2\/posts\/2736\/revisions\/3078"}],"wp:featuredmedia":[{"embeddable":true,"href":"https:\/\/jennecken.de\/index.php?rest_route=\/wp\/v2\/media\/2726"}],"wp:attachment":[{"href":"https:\/\/jennecken.de\/index.php?rest_route=%2Fwp%2Fv2%2Fmedia&parent=2736"}],"wp:term":[{"taxonomy":"category","embeddable":true,"href":"https:\/\/jennecken.de\/index.php?rest_route=%2Fwp%2Fv2%2Fcategories&post=2736"},{"taxonomy":"post_tag","embeddable":true,"href":"https:\/\/jennecken.de\/index.php?rest_route=%2Fwp%2Fv2%2Ftags&post=2736"}],"curies":[{"name":"wp","href":"https:\/\/api.w.org\/{rel}","templated":true}]}}