{"id":2756,"date":"2015-12-21T08:11:12","date_gmt":"2015-12-21T07:11:12","guid":{"rendered":"http:\/\/jennecken.de\/?p=2756"},"modified":"2016-12-08T13:16:36","modified_gmt":"2016-12-08T12:16:36","slug":"frohe-weihnachten-und-2","status":"publish","type":"post","link":"https:\/\/jennecken.de\/?p=2756","title":{"rendered":"Frohe Weihnachten und &#8230;"},"content":{"rendered":"<p>Der Vorstand des Gemeinn\u00fctzigen Vereins Jennecken w\u00fcnscht allen Mitgliedern, Freunden und Unterst\u00fctzern unseres Vereins ein frohes Weihnachtsfest und einen guten Rutsch ins Neue Jahr!<!--more--><\/p>\n<p>Vielen Dank an alle, die uns in diesem Jahr, ob durch Spenden oder tatkr\u00e4ftige Hilfe, unterst\u00fctzt haben!<\/p>\n","protected":false},"excerpt":{"rendered":"<p>Der Vorstand des Gemeinn\u00fctzigen Vereins Jennecken w\u00fcnscht allen Mitgliedern, Freunden und Unterst\u00fctzern unseres Vereins ein frohes Weihnachtsfest und einen guten Rutsch ins Neue Jahr!<\/p>\n","protected":false},"author":1001002,"featured_media":1874,"comment_status":"closed","ping_status":"closed","sticky":false,"template":"","format":"standard","meta":{"footnotes":""},"categories":[4],"tags":[121],"class_list":["post-2756","post","type-post","status-publish","format-standard","has-post-thumbnail","hentry","category-neues-aus-jennecken","tag-weihnachten"],"_links":{"self":[{"href":"https:\/\/jennecken.de\/index.php?rest_route=\/wp\/v2\/posts\/2756","targetHints":{"allow":["GET"]}}],"collection":[{"href":"https:\/\/jennecken.de\/index.php?rest_route=\/wp\/v2\/posts"}],"about":[{"href":"https:\/\/jennecken.de\/index.php?rest_route=\/wp\/v2\/types\/post"}],"author":[{"embeddable":true,"href":"https:\/\/jennecken.de\/index.php?rest_route=\/wp\/v2\/users\/1001002"}],"replies":[{"embeddable":true,"href":"https:\/\/jennecken.de\/index.php?rest_route=%2Fwp%2Fv2%2Fcomments&post=2756"}],"version-history":[{"count":3,"href":"https:\/\/jennecken.de\/index.php?rest_route=\/wp\/v2\/posts\/2756\/revisions"}],"predecessor-version":[{"id":3077,"href":"https:\/\/jennecken.de\/index.php?rest_route=\/wp\/v2\/posts\/2756\/revisions\/3077"}],"wp:featuredmedia":[{"embeddable":true,"href":"https:\/\/jennecken.de\/index.php?rest_route=\/wp\/v2\/media\/1874"}],"wp:attachment":[{"href":"https:\/\/jennecken.de\/index.php?rest_route=%2Fwp%2Fv2%2Fmedia&parent=2756"}],"wp:term":[{"taxonomy":"category","embeddable":true,"href":"https:\/\/jennecken.de\/index.php?rest_route=%2Fwp%2Fv2%2Fcategories&post=2756"},{"taxonomy":"post_tag","embeddable":true,"href":"https:\/\/jennecken.de\/index.php?rest_route=%2Fwp%2Fv2%2Ftags&post=2756"}],"curies":[{"name":"wp","href":"https:\/\/api.w.org\/{rel}","templated":true}]}}