{"id":2761,"date":"2016-01-13T07:40:57","date_gmt":"2016-01-13T06:40:57","guid":{"rendered":"http:\/\/jennecken.de\/?p=2761"},"modified":"2016-12-08T13:16:13","modified_gmt":"2016-12-08T12:16:13","slug":"terminuebersicht-2016","status":"publish","type":"post","link":"https:\/\/jennecken.de\/?p=2761","title":{"rendered":"Termin\u00fcbersicht 2016"},"content":{"rendered":"<p>Hier eine \u00dcbersicht \u00fcber die geplanten Jennecker Termine und Aktivit\u00e4ten f\u00fcr 2016. Eventuelle \u00c4nderungen und Verschiebungen, sowie die genauen Anfangszeiten werden rechtzeitig bekannt gegeben.<!--more--><\/p>\n<p>Alle Termine findet ihr wie gewohnt in unserem <a href=\"https:\/\/jennecken.de\/?page_id=328\">Kalender<\/a>, oder rechtzeitig als Infozettel in eurem Briefkasten.<\/p>\n<table>\n<tbody>\n<tr>\n<td width=\"140\">03. Februar<\/td>\n<td width=\"475\">Jahreshauptversammlung<\/td>\n<\/tr>\n<tr>\n<td width=\"140\">M\u00e4rz\/April<\/td>\n<td width=\"475\">Aktion Saubere Landschaft. Jennecker Fr\u00fchjahrsputz<\/td>\n<\/tr>\n<tr>\n<td width=\"140\">01. Mai<\/td>\n<td width=\"475\">Maiblasen<\/td>\n<\/tr>\n<tr>\n<td width=\"140\">16. Mai<\/td>\n<td width=\"475\">Pfingstwandern<\/td>\n<\/tr>\n<tr>\n<td width=\"140\">10. Juni<\/td>\n<td width=\"475\">Beginn Fu\u00dfball-EM &#8211; Fernseh\u00fcbertragung<\/td>\n<\/tr>\n<tr>\n<td width=\"140\">25. Juni<\/td>\n<td width=\"475\">Dorffest<\/td>\n<\/tr>\n<tr>\n<td width=\"140\">10. Juli<\/td>\n<td width=\"475\">Endspiel Fu\u00dfball-EM &#8211; Fernseh\u00fcbertragung<\/td>\n<\/tr>\n<tr>\n<td width=\"140\">05.-10. September<\/td>\n<td width=\"475\">Erntewagenbau<\/td>\n<\/tr>\n<tr>\n<td width=\"140\">11. September<\/td>\n<td width=\"475\">Ernteumzug<\/td>\n<\/tr>\n<tr>\n<td width=\"140\">29. Oktober<\/td>\n<td width=\"475\">Oktoberfest<\/td>\n<\/tr>\n<tr>\n<td width=\"140\">26. November<\/td>\n<td width=\"475\">Aufstellen des Weihnachtsbaums<\/td>\n<\/tr>\n<\/tbody>\n<\/table>\n<p>W\u00e4hrend der Fu\u00dfball-EM finden wieder Fernseh\u00fcbertragungen im Dorfhaus statt. Welche Spiele \u00fcbertragen werden, steht zum jetzigen Zeitpunkt noch nicht fest.<\/p>\n","protected":false},"excerpt":{"rendered":"<p>Hier eine \u00dcbersicht \u00fcber die geplanten Jennecker Termine und Aktivit\u00e4ten f\u00fcr 2016. Eventuelle \u00c4nderungen und Verschiebungen, sowie die genauen Anfangszeiten werden rechtzeitig bekannt gegeben.<\/p>\n","protected":false},"author":1001002,"featured_media":2029,"comment_status":"closed","ping_status":"closed","sticky":false,"template":"","format":"standard","meta":{"footnotes":""},"categories":[4,8],"tags":[76,77],"class_list":["post-2761","post","type-post","status-publish","format-standard","has-post-thumbnail","hentry","category-neues-aus-jennecken","category-termine-und-einladungen","tag-termine","tag-veranstaltungen"],"_links":{"self":[{"href":"https:\/\/jennecken.de\/index.php?rest_route=\/wp\/v2\/posts\/2761","targetHints":{"allow":["GET"]}}],"collection":[{"href":"https:\/\/jennecken.de\/index.php?rest_route=\/wp\/v2\/posts"}],"about":[{"href":"https:\/\/jennecken.de\/index.php?rest_route=\/wp\/v2\/types\/post"}],"author":[{"embeddable":true,"href":"https:\/\/jennecken.de\/index.php?rest_route=\/wp\/v2\/users\/1001002"}],"replies":[{"embeddable":true,"href":"https:\/\/jennecken.de\/index.php?rest_route=%2Fwp%2Fv2%2Fcomments&post=2761"}],"version-history":[{"count":7,"href":"https:\/\/jennecken.de\/index.php?rest_route=\/wp\/v2\/posts\/2761\/revisions"}],"predecessor-version":[{"id":3076,"href":"https:\/\/jennecken.de\/index.php?rest_route=\/wp\/v2\/posts\/2761\/revisions\/3076"}],"wp:featuredmedia":[{"embeddable":true,"href":"https:\/\/jennecken.de\/index.php?rest_route=\/wp\/v2\/media\/2029"}],"wp:attachment":[{"href":"https:\/\/jennecken.de\/index.php?rest_route=%2Fwp%2Fv2%2Fmedia&parent=2761"}],"wp:term":[{"taxonomy":"category","embeddable":true,"href":"https:\/\/jennecken.de\/index.php?rest_route=%2Fwp%2Fv2%2Fcategories&post=2761"},{"taxonomy":"post_tag","embeddable":true,"href":"https:\/\/jennecken.de\/index.php?rest_route=%2Fwp%2Fv2%2Ftags&post=2761"}],"curies":[{"name":"wp","href":"https:\/\/api.w.org\/{rel}","templated":true}]}}