{"id":2768,"date":"2016-01-14T08:24:22","date_gmt":"2016-01-14T07:24:22","guid":{"rendered":"http:\/\/jennecken.de\/?p=2768"},"modified":"2016-12-08T13:15:56","modified_gmt":"2016-12-08T12:15:56","slug":"jahreshauptversammlung","status":"publish","type":"post","link":"https:\/\/jennecken.de\/?p=2768","title":{"rendered":"Jahreshauptversammlung"},"content":{"rendered":"<p>Am 3. Februar 2016\u00a0findet unsere diesj\u00e4hrige Jahreshauptversammlung statt. Hierzu laden wir alle Vereinsmitglieder um 19.30 Uhr ins Dorfhaus ein.<!--more--><\/p>\n<p>Die schriftlichen Einladungen<span id=\"more-1922\"><\/span> werden in den n\u00e4chsten Tagen verteilt, bzw. verschickt.<\/p>\n<p><span style=\"text-decoration: underline;\">Tagesordnungspunkte:<\/span><\/p>\n<ul>\n<li>Begr\u00fc\u00dfung und Er\u00f6ffnung<\/li>\n<li>Feststellung der ordnungsgem\u00e4\u00dfen Einladung und der\u00a0Beschlu\u00dff\u00e4higkeit der Versammlung<\/li>\n<li>Jahresr\u00fcckblick 2015<\/li>\n<li>Kassenbericht f\u00fcr das Jahr 2015<\/li>\n<li>Bericht der Kassenpr\u00fcfer<\/li>\n<li>Entlastung des Gesamtvorstandes<\/li>\n<li>Haushaltsplanung und Verabschiedung 2016<\/li>\n<li>Neuwahl eines Kassenpr\u00fcfers<\/li>\n<li>Verschiedenes \u2013 Eure Themen<\/li>\n<\/ul>\n<p><strong>Wir hoffen auf zahlreiche Beteiligung!<\/strong><\/p>\n","protected":false},"excerpt":{"rendered":"<p>Am 3. Februar 2016\u00a0findet unsere diesj\u00e4hrige Jahreshauptversammlung statt. Hierzu laden wir alle Vereinsmitglieder um 19.30 Uhr ins Dorfhaus ein.<\/p>\n","protected":false},"author":1001002,"featured_media":1126,"comment_status":"closed","ping_status":"closed","sticky":false,"template":"","format":"standard","meta":{"footnotes":""},"categories":[4,8],"tags":[65],"class_list":["post-2768","post","type-post","status-publish","format-standard","has-post-thumbnail","hentry","category-neues-aus-jennecken","category-termine-und-einladungen","tag-jahreshauptversammlung"],"_links":{"self":[{"href":"https:\/\/jennecken.de\/index.php?rest_route=\/wp\/v2\/posts\/2768","targetHints":{"allow":["GET"]}}],"collection":[{"href":"https:\/\/jennecken.de\/index.php?rest_route=\/wp\/v2\/posts"}],"about":[{"href":"https:\/\/jennecken.de\/index.php?rest_route=\/wp\/v2\/types\/post"}],"author":[{"embeddable":true,"href":"https:\/\/jennecken.de\/index.php?rest_route=\/wp\/v2\/users\/1001002"}],"replies":[{"embeddable":true,"href":"https:\/\/jennecken.de\/index.php?rest_route=%2Fwp%2Fv2%2Fcomments&post=2768"}],"version-history":[{"count":4,"href":"https:\/\/jennecken.de\/index.php?rest_route=\/wp\/v2\/posts\/2768\/revisions"}],"predecessor-version":[{"id":3075,"href":"https:\/\/jennecken.de\/index.php?rest_route=\/wp\/v2\/posts\/2768\/revisions\/3075"}],"wp:featuredmedia":[{"embeddable":true,"href":"https:\/\/jennecken.de\/index.php?rest_route=\/wp\/v2\/media\/1126"}],"wp:attachment":[{"href":"https:\/\/jennecken.de\/index.php?rest_route=%2Fwp%2Fv2%2Fmedia&parent=2768"}],"wp:term":[{"taxonomy":"category","embeddable":true,"href":"https:\/\/jennecken.de\/index.php?rest_route=%2Fwp%2Fv2%2Fcategories&post=2768"},{"taxonomy":"post_tag","embeddable":true,"href":"https:\/\/jennecken.de\/index.php?rest_route=%2Fwp%2Fv2%2Ftags&post=2768"}],"curies":[{"name":"wp","href":"https:\/\/api.w.org\/{rel}","templated":true}]}}