{"id":2784,"date":"2016-02-16T20:30:41","date_gmt":"2016-02-16T19:30:41","guid":{"rendered":"http:\/\/jennecken.de\/?p=2784"},"modified":"2016-12-08T13:15:23","modified_gmt":"2016-12-08T12:15:23","slug":"radkarte-fuer-das-bergische-land","status":"publish","type":"post","link":"https:\/\/jennecken.de\/?p=2784","title":{"rendered":"Radkarte f\u00fcr das Bergische Land"},"content":{"rendered":"<p>Naturarena gibt neue Rad\u00fcbersichtskarte f\u00fcr das Bergische Land heraus.\u00a0Passend zum Start in die neue Fahrradsaison hat die Naturarena Bergisches Land eine neue <!--more-->Rad\u00fcbersichtskarte herausgegeben.<\/p>\n<p>Die Karte enth\u00e4lt 20 ausgeschilderte Radrouten in den beiden Bergischen Kreisen, das neue Knotenpunktsystem der Radregion Rheinland sowie zwei Rennradrouten. Alle Touren werden in kurzen Texten kurz vorgestellt.<\/p>\n<p>Den vollst\u00e4ndigen Bericht und die Radkarte zum Download findet ihr <a href=\"http:\/\/www.wiehl.de\/aktuelles\/neuigkeiten\/nachrichten\/5102-mem-raedche-op-joeck-naturarena-gibt.html\" target=\"_blank\">&#8230;hier\u2192<\/a> (wiehl.de).<\/p>\n","protected":false},"excerpt":{"rendered":"<p>Naturarena gibt neue Rad\u00fcbersichtskarte f\u00fcr das Bergische Land heraus.\u00a0Passend zum Start in die neue Fahrradsaison hat die Naturarena Bergisches Land eine neue<\/p>\n","protected":false},"author":1001002,"featured_media":1240,"comment_status":"closed","ping_status":"closed","sticky":false,"template":"","format":"standard","meta":{"footnotes":""},"categories":[4],"tags":[127],"class_list":["post-2784","post","type-post","status-publish","format-standard","has-post-thumbnail","hentry","category-neues-aus-jennecken","tag-radfahren"],"_links":{"self":[{"href":"https:\/\/jennecken.de\/index.php?rest_route=\/wp\/v2\/posts\/2784","targetHints":{"allow":["GET"]}}],"collection":[{"href":"https:\/\/jennecken.de\/index.php?rest_route=\/wp\/v2\/posts"}],"about":[{"href":"https:\/\/jennecken.de\/index.php?rest_route=\/wp\/v2\/types\/post"}],"author":[{"embeddable":true,"href":"https:\/\/jennecken.de\/index.php?rest_route=\/wp\/v2\/users\/1001002"}],"replies":[{"embeddable":true,"href":"https:\/\/jennecken.de\/index.php?rest_route=%2Fwp%2Fv2%2Fcomments&post=2784"}],"version-history":[{"count":4,"href":"https:\/\/jennecken.de\/index.php?rest_route=\/wp\/v2\/posts\/2784\/revisions"}],"predecessor-version":[{"id":3073,"href":"https:\/\/jennecken.de\/index.php?rest_route=\/wp\/v2\/posts\/2784\/revisions\/3073"}],"wp:featuredmedia":[{"embeddable":true,"href":"https:\/\/jennecken.de\/index.php?rest_route=\/wp\/v2\/media\/1240"}],"wp:attachment":[{"href":"https:\/\/jennecken.de\/index.php?rest_route=%2Fwp%2Fv2%2Fmedia&parent=2784"}],"wp:term":[{"taxonomy":"category","embeddable":true,"href":"https:\/\/jennecken.de\/index.php?rest_route=%2Fwp%2Fv2%2Fcategories&post=2784"},{"taxonomy":"post_tag","embeddable":true,"href":"https:\/\/jennecken.de\/index.php?rest_route=%2Fwp%2Fv2%2Ftags&post=2784"}],"curies":[{"name":"wp","href":"https:\/\/api.w.org\/{rel}","templated":true}]}}