{"id":2807,"date":"2016-03-05T13:24:59","date_gmt":"2016-03-05T12:24:59","guid":{"rendered":"http:\/\/jennecken.de\/?p=2807"},"modified":"2016-12-08T13:14:39","modified_gmt":"2016-12-08T12:14:39","slug":"d-jugend-sucht-spieler-fuer-die-naechste-saison","status":"publish","type":"post","link":"https:\/\/jennecken.de\/?p=2807","title":{"rendered":"D-Jugend sucht Spieler f\u00fcr die n\u00e4chste Saison"},"content":{"rendered":"<p>Achim Schuster hei\u00dft der neue Trainer f\u00fcr die D-Jugend des BV 09 Drabenderh\u00f6he in der n\u00e4chsten Saison. Die D-Jugend spielt zur Zeit noch in der Sonderliga. In der n\u00e4chsten Saison<!--more--> will\u00a0 man in der Leistungsklasse an den Start gehen.<\/p>\n<p>Da die Jahrg\u00e4nge 2004\/2005 d\u00fcnn besetzt sind, sucht der Verein noch Spieler dieser Jahrg\u00e4nge, um eine schlagkr\u00e4ftige Mannschaft aufbieten zu k\u00f6nnen. Den Kindern steht im besten Fu\u00dfballlernalter ein erfahrener \u201ealter Hase\u201c als Trainer zur Verf\u00fcgung.\u00a0 Ein Lerneffekt ist somit garantiert. Auch Disziplin ist dem Trainer sehr wichtig. Interessierte Kinder des Jahrganges 2004 k\u00f6nnen schon jetzt an dem Training der aktuellen D-Jugend teilnehmen.\u00a0 Die Trainingszeiten sind Dienstags und Donnerstags von 18:00 Uhr bis 19.30 Uhr.<\/p>\n<p>Kinder des Jahrganges 2005 k\u00f6nnen aktuell am Training der E-Jugend teilnehmen. Dort sind die Trainingszeiten Montags und Mittwochs von 17.00 Uhr bis 18.30 Uhr.<\/p>\n<p>Ansprechpartner f\u00fcr die D-Jugend: Reinhard Drotleff\u00a0Tel: 02262 \/ 9991466 und f\u00fcr die E-Jugend: Elisabeth Fisi Tel: 02262 \/ 68419\u00a0oder Jugendleiter Lothar Klein Tel 0160 \/ 96863484.<\/p>\n","protected":false},"excerpt":{"rendered":"<p>Achim Schuster hei\u00dft der neue Trainer f\u00fcr die D-Jugend des BV 09 Drabenderh\u00f6he in der n\u00e4chsten Saison. Die D-Jugend spielt zur Zeit noch in der Sonderliga. In der n\u00e4chsten Saison<\/p>\n","protected":false},"author":1001002,"featured_media":1634,"comment_status":"closed","ping_status":"closed","sticky":false,"template":"","format":"standard","meta":{"footnotes":""},"categories":[1],"tags":[55],"class_list":["post-2807","post","type-post","status-publish","format-standard","has-post-thumbnail","hentry","category-allgemein","tag-bv-09-drabenderhoehe"],"_links":{"self":[{"href":"https:\/\/jennecken.de\/index.php?rest_route=\/wp\/v2\/posts\/2807","targetHints":{"allow":["GET"]}}],"collection":[{"href":"https:\/\/jennecken.de\/index.php?rest_route=\/wp\/v2\/posts"}],"about":[{"href":"https:\/\/jennecken.de\/index.php?rest_route=\/wp\/v2\/types\/post"}],"author":[{"embeddable":true,"href":"https:\/\/jennecken.de\/index.php?rest_route=\/wp\/v2\/users\/1001002"}],"replies":[{"embeddable":true,"href":"https:\/\/jennecken.de\/index.php?rest_route=%2Fwp%2Fv2%2Fcomments&post=2807"}],"version-history":[{"count":2,"href":"https:\/\/jennecken.de\/index.php?rest_route=\/wp\/v2\/posts\/2807\/revisions"}],"predecessor-version":[{"id":3071,"href":"https:\/\/jennecken.de\/index.php?rest_route=\/wp\/v2\/posts\/2807\/revisions\/3071"}],"wp:featuredmedia":[{"embeddable":true,"href":"https:\/\/jennecken.de\/index.php?rest_route=\/wp\/v2\/media\/1634"}],"wp:attachment":[{"href":"https:\/\/jennecken.de\/index.php?rest_route=%2Fwp%2Fv2%2Fmedia&parent=2807"}],"wp:term":[{"taxonomy":"category","embeddable":true,"href":"https:\/\/jennecken.de\/index.php?rest_route=%2Fwp%2Fv2%2Fcategories&post=2807"},{"taxonomy":"post_tag","embeddable":true,"href":"https:\/\/jennecken.de\/index.php?rest_route=%2Fwp%2Fv2%2Ftags&post=2807"}],"curies":[{"name":"wp","href":"https:\/\/api.w.org\/{rel}","templated":true}]}}