{"id":2891,"date":"2016-05-25T08:09:18","date_gmt":"2016-05-25T06:09:18","guid":{"rendered":"http:\/\/jennecken.de\/?p=2891"},"modified":"2016-12-08T13:11:56","modified_gmt":"2016-12-08T12:11:56","slug":"fussball-em-2016","status":"publish","type":"post","link":"https:\/\/jennecken.de\/?p=2891","title":{"rendered":"Fu\u00dfball EM 2016"},"content":{"rendered":"<p>Die Spiele unserer Nationalmannschaft bei der EURO 2016 in Frankreich werden im Dorfhaus auf Gro\u00dfleinwand \u00fcbertragen. Die \u00dcbertragungen beginnen ca. 45 Minuten vor Spielbeginn.<!--more--><\/p>\n<p>F\u00fcr Getr\u00e4nke ist gesorgt, der Eintritt ist frei! Auch Freunde und bekannte sind herzlich willkommen!<br \/>\nWir freuen uns \u00fcber eine rege Teilnahme!<\/p>\n<p>Hier die Ansto\u00dfzeiten unserer Vorrundenspiele:<\/p>\n<ul>\n<li>So 12. Juni 2016 &#8211; 21:00 Uhr: Deutschland &#8211; Ukraine<\/li>\n<li>Do 16. Juni 2016 &#8211; 21:00 Uhr: Deutschland &#8211; Polen<\/li>\n<li>Di\u00a0 21. Juni 2016 &#8211; 18:00 Uhr: Nordirland &#8211; Deutschland<\/li>\n<\/ul>\n<p>Wie gewohnt, werden alle \u00dcbertragungstermine in unseren <a href=\"https:\/\/jennecken.de\/?page_id=328\">Kalender<\/a> eingetragen.<\/p>\n<p>Links:<br \/>\nDie Mannschaft <a href=\"http:\/\/www.dfb.de\/die-mannschaft\/start\/\" target=\"_blank\">&#8230; hier\u2192<\/a>.<br \/>\nDer komplette Spielplan der EURO 2016 auf ZDF-Sport\u00a0 <a href=\"http:\/\/www.zdfsport.de\/spielplan-der-fussball-em-2016-in-frankreich-41429800.html\" target=\"_blank\">&#8230; hier\u2192<\/a>.<\/p>\n","protected":false},"excerpt":{"rendered":"<p>Die Spiele unserer Nationalmannschaft bei der EURO 2016 in Frankreich werden im Dorfhaus auf Gro\u00dfleinwand \u00fcbertragen. Die \u00dcbertragungen beginnen ca. 45 Minuten vor Spielbeginn.<\/p>\n","protected":false},"author":1001002,"featured_media":0,"comment_status":"closed","ping_status":"closed","sticky":false,"template":"","format":"standard","meta":{"footnotes":""},"categories":[4,8],"tags":[130,63],"class_list":["post-2891","post","type-post","status-publish","format-standard","hentry","category-neues-aus-jennecken","category-termine-und-einladungen","tag-em","tag-fussball"],"_links":{"self":[{"href":"https:\/\/jennecken.de\/index.php?rest_route=\/wp\/v2\/posts\/2891","targetHints":{"allow":["GET"]}}],"collection":[{"href":"https:\/\/jennecken.de\/index.php?rest_route=\/wp\/v2\/posts"}],"about":[{"href":"https:\/\/jennecken.de\/index.php?rest_route=\/wp\/v2\/types\/post"}],"author":[{"embeddable":true,"href":"https:\/\/jennecken.de\/index.php?rest_route=\/wp\/v2\/users\/1001002"}],"replies":[{"embeddable":true,"href":"https:\/\/jennecken.de\/index.php?rest_route=%2Fwp%2Fv2%2Fcomments&post=2891"}],"version-history":[{"count":11,"href":"https:\/\/jennecken.de\/index.php?rest_route=\/wp\/v2\/posts\/2891\/revisions"}],"predecessor-version":[{"id":3062,"href":"https:\/\/jennecken.de\/index.php?rest_route=\/wp\/v2\/posts\/2891\/revisions\/3062"}],"wp:attachment":[{"href":"https:\/\/jennecken.de\/index.php?rest_route=%2Fwp%2Fv2%2Fmedia&parent=2891"}],"wp:term":[{"taxonomy":"category","embeddable":true,"href":"https:\/\/jennecken.de\/index.php?rest_route=%2Fwp%2Fv2%2Fcategories&post=2891"},{"taxonomy":"post_tag","embeddable":true,"href":"https:\/\/jennecken.de\/index.php?rest_route=%2Fwp%2Fv2%2Ftags&post=2891"}],"curies":[{"name":"wp","href":"https:\/\/api.w.org\/{rel}","templated":true}]}}