{"id":2918,"date":"2016-06-02T08:44:48","date_gmt":"2016-06-02T06:44:48","guid":{"rendered":"http:\/\/jennecken.de\/?p=2918"},"modified":"2016-12-08T13:11:39","modified_gmt":"2016-12-08T12:11:39","slug":"informationen-zum-dorffest","status":"publish","type":"post","link":"https:\/\/jennecken.de\/?p=2918","title":{"rendered":"Informationen zum Dorffest"},"content":{"rendered":"<p>An alle Jennecker! Unser allj\u00e4hrliches Dorffest soll am 25.06.2016 stattfinden. Da der Vorstand nicht alle Arbeit alleine machen kann, ben\u00f6tigen wir dringend Eure Hilfe.<!--more--><\/p>\n<p><strong>Folgende Schichten sind zu besetzen:<\/strong><\/p>\n<table>\n<tbody>\n<tr>\n<td width=\"307\">Aufbau:<\/td>\n<td width=\"307\">Samstag morgens um 10:00 Uhr<\/td>\n<\/tr>\n<tr>\n<td width=\"307\">Grillstand:<\/td>\n<td width=\"307\">18:00-19:30 Uhr<br \/>\n19:30-21:00 Uhr<\/td>\n<\/tr>\n<tr>\n<td width=\"307\">Thekendienst\/Bonverkauf:<\/td>\n<td width=\"307\">17:00-20:00 Uhr<br \/>\n20:00-23:00 Uhr<br \/>\n23:00 Uhr -bis Ende (gegebenenfalls)<\/td>\n<\/tr>\n<tr>\n<td width=\"307\">Abbau:<\/td>\n<td width=\"307\">Sonntag morgens ab 11:00 Uhr<\/td>\n<\/tr>\n<\/tbody>\n<\/table>\n<p>Wer sich daran beteiligen m\u00f6chte, melde sich bis zum 11.06.2016 bei vorstand@Jennecken.de, telefonisch unter 4121 bei Regina Str\u00e4\u00dfer oder unter 691276 bei Nicole Dohmgoergen.<\/p>\n<p>Ohne Eure Hilfe kann das Dorffest nicht stattfinden!<br \/>\nSollten sich zu wenige Helfer anmelden, muss das Dorffest leider ausfallen.<\/p>\n","protected":false},"excerpt":{"rendered":"<p>An alle Jennecker! Unser allj\u00e4hrliches Dorffest soll am 25.06.2016 stattfinden. Da der Vorstand nicht alle Arbeit alleine machen kann, ben\u00f6tigen wir dringend Eure Hilfe.<\/p>\n","protected":false},"author":1001002,"featured_media":0,"comment_status":"closed","ping_status":"closed","sticky":false,"template":"","format":"standard","meta":{"footnotes":""},"categories":[4,5],"tags":[107],"class_list":["post-2918","post","type-post","status-publish","format-standard","hentry","category-neues-aus-jennecken","category-veranstaltungen","tag-dorffest"],"_links":{"self":[{"href":"https:\/\/jennecken.de\/index.php?rest_route=\/wp\/v2\/posts\/2918","targetHints":{"allow":["GET"]}}],"collection":[{"href":"https:\/\/jennecken.de\/index.php?rest_route=\/wp\/v2\/posts"}],"about":[{"href":"https:\/\/jennecken.de\/index.php?rest_route=\/wp\/v2\/types\/post"}],"author":[{"embeddable":true,"href":"https:\/\/jennecken.de\/index.php?rest_route=\/wp\/v2\/users\/1001002"}],"replies":[{"embeddable":true,"href":"https:\/\/jennecken.de\/index.php?rest_route=%2Fwp%2Fv2%2Fcomments&post=2918"}],"version-history":[{"count":4,"href":"https:\/\/jennecken.de\/index.php?rest_route=\/wp\/v2\/posts\/2918\/revisions"}],"predecessor-version":[{"id":3061,"href":"https:\/\/jennecken.de\/index.php?rest_route=\/wp\/v2\/posts\/2918\/revisions\/3061"}],"wp:attachment":[{"href":"https:\/\/jennecken.de\/index.php?rest_route=%2Fwp%2Fv2%2Fmedia&parent=2918"}],"wp:term":[{"taxonomy":"category","embeddable":true,"href":"https:\/\/jennecken.de\/index.php?rest_route=%2Fwp%2Fv2%2Fcategories&post=2918"},{"taxonomy":"post_tag","embeddable":true,"href":"https:\/\/jennecken.de\/index.php?rest_route=%2Fwp%2Fv2%2Ftags&post=2918"}],"curies":[{"name":"wp","href":"https:\/\/api.w.org\/{rel}","templated":true}]}}