{"id":2936,"date":"2016-07-01T10:15:53","date_gmt":"2016-07-01T08:15:53","guid":{"rendered":"http:\/\/jennecken.de\/?p=2936"},"modified":"2016-12-08T13:10:47","modified_gmt":"2016-12-08T12:10:47","slug":"sommerwanderung-ernteverein","status":"publish","type":"post","link":"https:\/\/jennecken.de\/?p=2936","title":{"rendered":"Sommerwanderung Ernteverein"},"content":{"rendered":"<p>Der Ernteverein Drabenderh\u00f6he l\u00e4dt am 16.07.2016 zur Sommerwanderung ein. Treffen ist um 11:00 Uhr an der Kirche in Drabenderh\u00f6he. Die Wanderung f\u00fchrt ins Technik &amp; Bauern Museum Berzbach.<!--more--><\/p>\n<p>&nbsp;<\/p>\n<p><span style=\"text-decoration: underline;\">Ernteverein D&#8217;H\u00f6he:<\/span><\/p>\n<p>Einladung zum Wandertag am 16.07.2016<\/p>\n<p>Sehr geehrte Damen und Herren,<\/p>\n<p>die diesj\u00e4hrige Sommerwanderung des Erntevereins Drabenderh\u00f6he findet wie folgt<br \/>\nstatt:<\/p>\n<p>Start: 16.07.2016 um 11 Uhr an der Kirche in Drabenderh\u00f6he<br \/>\nZiel: Technik &amp; Bauern Museum Berzbach (einfache Entfernung ca. 7km)<\/p>\n<p>Wir besuchen das Technik &amp; Bauern Museum der Eheleute Margret und Karl-Josef Haas<br \/>\n(www.dorfberzbach.de\/index_tbmuseum.html) &#8211; dem Br\u00f6ltaler Erntepaar aus dem Jahre<br \/>\n2013 &#8211; und st\u00e4rken uns dort im Anschluss an die F\u00fchrung durch das Museum mit einem<br \/>\ndeftigen Essen f\u00fcr den Heimweg.<\/p>\n<p>R\u00fcckkehr: ca. 17 Uhr<\/p>\n<p>Wer die Wanderung nicht mitmachen kann, sich aber die F\u00fchrung und den Aufenthalt im<br \/>\nMuseum nicht entgehen lassen m\u00f6chte, der kann sich um 13 Uhr in Much-Berzbach<br \/>\n(Hausnummer 20) einfinden und dann das Programm mitmachen.<\/p>\n<p>Der Beitrag f\u00fcr den Besuch des Museums, die F\u00fchrung und die Verpflegung auf der<br \/>\nWanderung betr\u00e4gt \u20ac 10 und wird am Start in bar erhoben.<\/p>\n<p>Wegen der Planung bitten wir um verbindliche Anmeldungen unter 0163\/6917170 oder<br \/>\nvolker.stache@t-online.de bis zum 10.07.2016.<br \/>\nAuf ein sch\u00f6ne Wanderung bei Sonnenschein und sch\u00f6ne Einblicke in das Museum freut<br \/>\nsich<\/p>\n<p>Volker Stache<\/p>\n","protected":false},"excerpt":{"rendered":"<p>Der Ernteverein Drabenderh\u00f6he l\u00e4dt am 16.07.2016 zur Sommerwanderung ein. Treffen ist um 11:00 Uhr an der Kirche in Drabenderh\u00f6he. Die Wanderung f\u00fchrt ins Technik &amp; Bauern Museum Berzbach.<\/p>\n","protected":false},"author":1001002,"featured_media":2730,"comment_status":"closed","ping_status":"closed","sticky":false,"template":"","format":"standard","meta":{"footnotes":""},"categories":[1],"tags":[22],"class_list":["post-2936","post","type-post","status-publish","format-standard","has-post-thumbnail","hentry","category-allgemein","tag-ernteverein"],"_links":{"self":[{"href":"https:\/\/jennecken.de\/index.php?rest_route=\/wp\/v2\/posts\/2936","targetHints":{"allow":["GET"]}}],"collection":[{"href":"https:\/\/jennecken.de\/index.php?rest_route=\/wp\/v2\/posts"}],"about":[{"href":"https:\/\/jennecken.de\/index.php?rest_route=\/wp\/v2\/types\/post"}],"author":[{"embeddable":true,"href":"https:\/\/jennecken.de\/index.php?rest_route=\/wp\/v2\/users\/1001002"}],"replies":[{"embeddable":true,"href":"https:\/\/jennecken.de\/index.php?rest_route=%2Fwp%2Fv2%2Fcomments&post=2936"}],"version-history":[{"count":5,"href":"https:\/\/jennecken.de\/index.php?rest_route=\/wp\/v2\/posts\/2936\/revisions"}],"predecessor-version":[{"id":3058,"href":"https:\/\/jennecken.de\/index.php?rest_route=\/wp\/v2\/posts\/2936\/revisions\/3058"}],"wp:featuredmedia":[{"embeddable":true,"href":"https:\/\/jennecken.de\/index.php?rest_route=\/wp\/v2\/media\/2730"}],"wp:attachment":[{"href":"https:\/\/jennecken.de\/index.php?rest_route=%2Fwp%2Fv2%2Fmedia&parent=2936"}],"wp:term":[{"taxonomy":"category","embeddable":true,"href":"https:\/\/jennecken.de\/index.php?rest_route=%2Fwp%2Fv2%2Fcategories&post=2936"},{"taxonomy":"post_tag","embeddable":true,"href":"https:\/\/jennecken.de\/index.php?rest_route=%2Fwp%2Fv2%2Ftags&post=2936"}],"curies":[{"name":"wp","href":"https:\/\/api.w.org\/{rel}","templated":true}]}}