{"id":2966,"date":"2016-09-08T08:27:33","date_gmt":"2016-09-08T06:27:33","guid":{"rendered":"http:\/\/jennecken.de\/?p=2966"},"modified":"2016-12-08T13:09:24","modified_gmt":"2016-12-08T12:09:24","slug":"mehr-surfgeschwindigkeit-fuer-jennecken","status":"publish","type":"post","link":"https:\/\/jennecken.de\/?p=2966","title":{"rendered":"Mehr Surfgeschwindigkeit f\u00fcr &#8230; Jennecken"},"content":{"rendered":"<p>Die Deutsche Telekom hat die \u00f6ffentliche Ausschreibung f\u00fcr den Internet-Ausbau 2017 in Wiehl in den Ortsteilen Jennecken, H\u00fcckhausen, Alperbr\u00fcck, Neuklef, Morkep\u00fctz, M\u00fchlhausen, Dahl und Alpe gewonnen. Zum Artikel auf wiehl.de <a href=\"http:\/\/www.wiehl.de\/aktuelles\/neuigkeiten\/nachrichten\/5387-gemeinsam-schneller-mehr.html\" target=\"_blank\">&#8230;hier\u2192<\/a>.<\/p>\n","protected":false},"excerpt":{"rendered":"<p>Die Deutsche Telekom hat die \u00f6ffentliche Ausschreibung f\u00fcr den Internet-Ausbau 2017 in Wiehl in den Ortsteilen Jennecken, H\u00fcckhausen, Alperbr\u00fcck, Neuklef, Morkep\u00fctz, M\u00fchlhausen, Dahl und Alpe gewonnen. Zum Artikel auf wiehl.de &#8230;hier\u2192.<\/p>\n","protected":false},"author":1001002,"featured_media":2022,"comment_status":"closed","ping_status":"closed","sticky":false,"template":"","format":"aside","meta":{"footnotes":""},"categories":[4],"tags":[112],"class_list":["post-2966","post","type-post","status-publish","format-aside","has-post-thumbnail","hentry","category-neues-aus-jennecken","tag-internet","post_format-post-format-aside"],"_links":{"self":[{"href":"https:\/\/jennecken.de\/index.php?rest_route=\/wp\/v2\/posts\/2966","targetHints":{"allow":["GET"]}}],"collection":[{"href":"https:\/\/jennecken.de\/index.php?rest_route=\/wp\/v2\/posts"}],"about":[{"href":"https:\/\/jennecken.de\/index.php?rest_route=\/wp\/v2\/types\/post"}],"author":[{"embeddable":true,"href":"https:\/\/jennecken.de\/index.php?rest_route=\/wp\/v2\/users\/1001002"}],"replies":[{"embeddable":true,"href":"https:\/\/jennecken.de\/index.php?rest_route=%2Fwp%2Fv2%2Fcomments&post=2966"}],"version-history":[{"count":2,"href":"https:\/\/jennecken.de\/index.php?rest_route=\/wp\/v2\/posts\/2966\/revisions"}],"predecessor-version":[{"id":3053,"href":"https:\/\/jennecken.de\/index.php?rest_route=\/wp\/v2\/posts\/2966\/revisions\/3053"}],"wp:featuredmedia":[{"embeddable":true,"href":"https:\/\/jennecken.de\/index.php?rest_route=\/wp\/v2\/media\/2022"}],"wp:attachment":[{"href":"https:\/\/jennecken.de\/index.php?rest_route=%2Fwp%2Fv2%2Fmedia&parent=2966"}],"wp:term":[{"taxonomy":"category","embeddable":true,"href":"https:\/\/jennecken.de\/index.php?rest_route=%2Fwp%2Fv2%2Fcategories&post=2966"},{"taxonomy":"post_tag","embeddable":true,"href":"https:\/\/jennecken.de\/index.php?rest_route=%2Fwp%2Fv2%2Ftags&post=2966"}],"curies":[{"name":"wp","href":"https:\/\/api.w.org\/{rel}","templated":true}]}}