{"id":2992,"date":"2016-10-26T08:02:12","date_gmt":"2016-10-26T06:02:12","guid":{"rendered":"http:\/\/jennecken.de\/?p=2992"},"modified":"2017-01-27T11:25:16","modified_gmt":"2017-01-27T10:25:16","slug":"jennecker-martinsfeuer","status":"publish","type":"post","link":"https:\/\/jennecken.de\/?p=2992","title":{"rendered":"Jennecker Martinsfeuer"},"content":{"rendered":"<p>Am Freitag, dem 11. November 2016 um 18:00 Uhr, wird unterhalb des Dorfhauses das Jennecker Martinsfeuer entz\u00fcndet.<\/p>\n<p><img loading=\"lazy\" decoding=\"async\" class=\"aligncenter size-full wp-image-1568\" src=\"https:\/\/jennecken.de\/wp-content\/uploads\/2014\/09\/Blog_Martinsfeuer_01.jpg\" alt=\"\" width=\"100\" height=\"100\" \/><br \/>\nBei diesem gem\u00fctlichen Beisammensein werden unter anderem leckerer Gl\u00fchwein, Kinderpunsch und W\u00fcrstchen angeboten!<br \/>\n\u00dcber ein zahlreiches Erscheinen von Gro\u00df und Klein w\u00fcrden wir uns sehr freuen!<\/p>\n","protected":false},"excerpt":{"rendered":"<p>Am Freitag, dem 11. November 2016 um 18:00 Uhr, wird unterhalb des Dorfhauses das Jennecker Martinsfeuer entz\u00fcndet. Bei diesem gem\u00fctlichen Beisammensein werden unter anderem leckerer Gl\u00fchwein, Kinderpunsch und W\u00fcrstchen angeboten! \u00dcber ein zahlreiches Erscheinen von Gro\u00df und Klein w\u00fcrden wir uns sehr freuen!<\/p>\n","protected":false},"author":1001002,"featured_media":0,"comment_status":"closed","ping_status":"closed","sticky":false,"template":"","format":"standard","meta":{"footnotes":""},"categories":[4,8],"tags":[52],"class_list":["post-2992","post","type-post","status-publish","format-standard","hentry","category-neues-aus-jennecken","category-termine-und-einladungen","tag-martinsfeuer"],"_links":{"self":[{"href":"https:\/\/jennecken.de\/index.php?rest_route=\/wp\/v2\/posts\/2992","targetHints":{"allow":["GET"]}}],"collection":[{"href":"https:\/\/jennecken.de\/index.php?rest_route=\/wp\/v2\/posts"}],"about":[{"href":"https:\/\/jennecken.de\/index.php?rest_route=\/wp\/v2\/types\/post"}],"author":[{"embeddable":true,"href":"https:\/\/jennecken.de\/index.php?rest_route=\/wp\/v2\/users\/1001002"}],"replies":[{"embeddable":true,"href":"https:\/\/jennecken.de\/index.php?rest_route=%2Fwp%2Fv2%2Fcomments&post=2992"}],"version-history":[{"count":10,"href":"https:\/\/jennecken.de\/index.php?rest_route=\/wp\/v2\/posts\/2992\/revisions"}],"predecessor-version":[{"id":3311,"href":"https:\/\/jennecken.de\/index.php?rest_route=\/wp\/v2\/posts\/2992\/revisions\/3311"}],"wp:attachment":[{"href":"https:\/\/jennecken.de\/index.php?rest_route=%2Fwp%2Fv2%2Fmedia&parent=2992"}],"wp:term":[{"taxonomy":"category","embeddable":true,"href":"https:\/\/jennecken.de\/index.php?rest_route=%2Fwp%2Fv2%2Fcategories&post=2992"},{"taxonomy":"post_tag","embeddable":true,"href":"https:\/\/jennecken.de\/index.php?rest_route=%2Fwp%2Fv2%2Ftags&post=2992"}],"curies":[{"name":"wp","href":"https:\/\/api.w.org\/{rel}","templated":true}]}}