{"id":3001,"date":"2016-10-31T14:53:39","date_gmt":"2016-10-31T13:53:39","guid":{"rendered":"http:\/\/jennecken.de\/?p=3001"},"modified":"2017-01-27T11:24:00","modified_gmt":"2017-01-27T10:24:00","slug":"gute-stimmung-beim-oktoberfest","status":"publish","type":"post","link":"https:\/\/jennecken.de\/?p=3001","title":{"rendered":"Gute Stimmung beim Oktoberfest"},"content":{"rendered":"<p>Am 29.10.2016 feierten wir unser traditionelles Oktoberfest im festlich geschm\u00fcckten Dorfhaus. 43 Personen hatten sich im Vorfeld angemeldet und sorgten am Abend f\u00fcr eine gute und ausgelassene Stimmung.<\/p>\n<p><img loading=\"lazy\" decoding=\"async\" class=\"aligncenter wp-image-3003\" src=\"https:\/\/jennecken.de\/wp-content\/uploads\/2016\/10\/Oktoberfest_2016_01.jpg\" alt=\"oktoberfest_2016_01\" width=\"400\" height=\"225\" srcset=\"https:\/\/jennecken.de\/wp-content\/uploads\/2016\/10\/Oktoberfest_2016_01.jpg 850w, https:\/\/jennecken.de\/wp-content\/uploads\/2016\/10\/Oktoberfest_2016_01-300x169.jpg 300w, https:\/\/jennecken.de\/wp-content\/uploads\/2016\/10\/Oktoberfest_2016_01-768x432.jpg 768w, https:\/\/jennecken.de\/wp-content\/uploads\/2016\/10\/Oktoberfest_2016_01-500x281.jpg 500w\" sizes=\"auto, (max-width: 400px) 100vw, 400px\" \/><br \/>\nMit einem leckeren und deftigen bayerischen Men\u00fc wurde zun\u00e4chst die richtige Grundlage geschaffen, um sich anschlie\u00dfen intensiv mit dem s\u00fcffigen Oktoberfestbier auseinander zu setzen. Erstmalig fand in diesem Jahr eine Preisverleihung f\u00fcr das sch\u00f6nste Dirndl und die sch\u00f6nste Ledertracht statt. Die Preise und die Durchf\u00fchrung sind f\u00fcr die Folgejahre allerdings noch zu optimieren. Trotzdem war\u2018 lustig und das ist die Hauptsache!<\/p>\n<p>Die Resonanz war durchweg positiv, so dass wir uns schon auf das n\u00e4chste Jahr, mit hoffentlich noch mehr Anmeldungen, freuen k\u00f6nnen.<\/p>\n","protected":false},"excerpt":{"rendered":"<p>Am 29.10.2016 feierten wir unser traditionelles Oktoberfest im festlich geschm\u00fcckten Dorfhaus. 43 Personen hatten sich im Vorfeld angemeldet und sorgten am Abend f\u00fcr eine gute und ausgelassene Stimmung. Mit einem leckeren und deftigen bayerischen Men\u00fc wurde zun\u00e4chst die richtige Grundlage geschaffen, um sich anschlie\u00dfen intensiv mit dem s\u00fcffigen Oktoberfestbier auseinander zu setzen. Erstmalig fand in &hellip; <\/p>\n<p class=\"link-more\"><a href=\"https:\/\/jennecken.de\/?p=3001\" class=\"more-link\"><span class=\"screen-reader-text\">\u201eGute Stimmung beim Oktoberfest\u201c<\/span> weiterlesen<\/a><\/p>\n","protected":false},"author":1001002,"featured_media":0,"comment_status":"closed","ping_status":"closed","sticky":false,"template":"","format":"standard","meta":{"footnotes":""},"categories":[4],"tags":[115],"class_list":["post-3001","post","type-post","status-publish","format-standard","hentry","category-neues-aus-jennecken","tag-oktoberfest"],"_links":{"self":[{"href":"https:\/\/jennecken.de\/index.php?rest_route=\/wp\/v2\/posts\/3001","targetHints":{"allow":["GET"]}}],"collection":[{"href":"https:\/\/jennecken.de\/index.php?rest_route=\/wp\/v2\/posts"}],"about":[{"href":"https:\/\/jennecken.de\/index.php?rest_route=\/wp\/v2\/types\/post"}],"author":[{"embeddable":true,"href":"https:\/\/jennecken.de\/index.php?rest_route=\/wp\/v2\/users\/1001002"}],"replies":[{"embeddable":true,"href":"https:\/\/jennecken.de\/index.php?rest_route=%2Fwp%2Fv2%2Fcomments&post=3001"}],"version-history":[{"count":6,"href":"https:\/\/jennecken.de\/index.php?rest_route=\/wp\/v2\/posts\/3001\/revisions"}],"predecessor-version":[{"id":3310,"href":"https:\/\/jennecken.de\/index.php?rest_route=\/wp\/v2\/posts\/3001\/revisions\/3310"}],"wp:attachment":[{"href":"https:\/\/jennecken.de\/index.php?rest_route=%2Fwp%2Fv2%2Fmedia&parent=3001"}],"wp:term":[{"taxonomy":"category","embeddable":true,"href":"https:\/\/jennecken.de\/index.php?rest_route=%2Fwp%2Fv2%2Fcategories&post=3001"},{"taxonomy":"post_tag","embeddable":true,"href":"https:\/\/jennecken.de\/index.php?rest_route=%2Fwp%2Fv2%2Ftags&post=3001"}],"curies":[{"name":"wp","href":"https:\/\/api.w.org\/{rel}","templated":true}]}}