{"id":3008,"date":"2016-11-15T07:47:43","date_gmt":"2016-11-15T06:47:43","guid":{"rendered":"http:\/\/jennecken.de\/?p=3008"},"modified":"2017-01-27T11:21:38","modified_gmt":"2017-01-27T10:21:38","slug":"weihnachtsbaum-aufstellen","status":"publish","type":"post","link":"https:\/\/jennecken.de\/?p=3008","title":{"rendered":"Weihnachtsbaum aufstellen"},"content":{"rendered":"<p>Am Samstag, den 26.11.2016 um 15 Uhr, wollen wir am Spielplatz unseren Weihnachtsbaum aufstellen. Alle Jennecker sind hierzu herzlich willkommen.<\/p>\n<p><img loading=\"lazy\" decoding=\"async\" class=\"aligncenter size-full wp-image-1840\" src=\"https:\/\/jennecken.de\/wp-content\/uploads\/2014\/11\/Blog_Weihnachtsbaum.jpg\" alt=\"\" width=\"100\" height=\"100\" \/><\/p>\n<p>Nach Abschluss der Arbeit m\u00f6chten wir mit Alt und Jung bei selbstgemachtem, leckerem Gl\u00fchwein und Kinderpunsch unseren sch\u00f6nen Weihnachtsbaum zum Leuchten bringen.<\/p>\n<p>Treffpunkt ist um 15:00 Uhr am Spielplatz! \u00dcber zahlreiches Erscheinen w\u00fcrden wir uns freuen.<\/p>\n","protected":false},"excerpt":{"rendered":"<p>Am Samstag, den 26.11.2016 um 15 Uhr, wollen wir am Spielplatz unseren Weihnachtsbaum aufstellen. Alle Jennecker sind hierzu herzlich willkommen. Nach Abschluss der Arbeit m\u00f6chten wir mit Alt und Jung bei selbstgemachtem, leckerem Gl\u00fchwein und Kinderpunsch unseren sch\u00f6nen Weihnachtsbaum zum Leuchten bringen. Treffpunkt ist um 15:00 Uhr am Spielplatz! \u00dcber zahlreiches Erscheinen w\u00fcrden wir uns &hellip; <\/p>\n<p class=\"link-more\"><a href=\"https:\/\/jennecken.de\/?p=3008\" class=\"more-link\"><span class=\"screen-reader-text\">\u201eWeihnachtsbaum aufstellen\u201c<\/span> weiterlesen<\/a><\/p>\n","protected":false},"author":1001002,"featured_media":0,"comment_status":"closed","ping_status":"closed","sticky":false,"template":"","format":"standard","meta":{"footnotes":""},"categories":[4,8],"tags":[121,123],"class_list":["post-3008","post","type-post","status-publish","format-standard","hentry","category-neues-aus-jennecken","category-termine-und-einladungen","tag-weihnachten","tag-weihnachtsbaum"],"_links":{"self":[{"href":"https:\/\/jennecken.de\/index.php?rest_route=\/wp\/v2\/posts\/3008","targetHints":{"allow":["GET"]}}],"collection":[{"href":"https:\/\/jennecken.de\/index.php?rest_route=\/wp\/v2\/posts"}],"about":[{"href":"https:\/\/jennecken.de\/index.php?rest_route=\/wp\/v2\/types\/post"}],"author":[{"embeddable":true,"href":"https:\/\/jennecken.de\/index.php?rest_route=\/wp\/v2\/users\/1001002"}],"replies":[{"embeddable":true,"href":"https:\/\/jennecken.de\/index.php?rest_route=%2Fwp%2Fv2%2Fcomments&post=3008"}],"version-history":[{"count":4,"href":"https:\/\/jennecken.de\/index.php?rest_route=\/wp\/v2\/posts\/3008\/revisions"}],"predecessor-version":[{"id":3308,"href":"https:\/\/jennecken.de\/index.php?rest_route=\/wp\/v2\/posts\/3008\/revisions\/3308"}],"wp:attachment":[{"href":"https:\/\/jennecken.de\/index.php?rest_route=%2Fwp%2Fv2%2Fmedia&parent=3008"}],"wp:term":[{"taxonomy":"category","embeddable":true,"href":"https:\/\/jennecken.de\/index.php?rest_route=%2Fwp%2Fv2%2Fcategories&post=3008"},{"taxonomy":"post_tag","embeddable":true,"href":"https:\/\/jennecken.de\/index.php?rest_route=%2Fwp%2Fv2%2Ftags&post=3008"}],"curies":[{"name":"wp","href":"https:\/\/api.w.org\/{rel}","templated":true}]}}