{"id":3013,"date":"2016-11-28T09:20:44","date_gmt":"2016-11-28T08:20:44","guid":{"rendered":"http:\/\/jennecken.de\/?p=3013"},"modified":"2017-01-27T11:20:24","modified_gmt":"2017-01-27T10:20:24","slug":"der-baum-steht","status":"publish","type":"post","link":"https:\/\/jennecken.de\/?p=3013","title":{"rendered":"Der Baum steht"},"content":{"rendered":"<p>P\u00fcnktlich zum 1. Advent wurde der Jennecker Weihnachtsbaum aufgestellt.<br \/>\nWieder etwas gr\u00f6\u00dfer als in den Vorjahren erstrahlt der Baum auf unserem Spielplatz.<\/p>\n<p><img loading=\"lazy\" decoding=\"async\" class=\"aligncenter size-full wp-image-3012\" src=\"https:\/\/jennecken.de\/wp-content\/uploads\/2016\/11\/Weihn_2016.jpg\" alt=\"\" width=\"100\" height=\"100\" \/><\/p>\n<p>Dieses mal sogar mit einem Stern auf der Spitze!<br \/>\nNach getaner Arbeit gab&#8217;s Gl\u00fchwein am gem\u00fctlichen Feuer. Wir danken der Familie Scheel f\u00fcr die Stromversorgung!<\/p>\n<p>Ein paar Bilder findet Ihr <a href=\"https:\/\/photos.google.com\/share\/AF1QipOcygQttdyVCkjkCYG_hd4a666fUSZi6Wsb8ULN-vQwjp0oIRX7xevgwwXrvLJ5CA?key=RzdOWGgxTWw0VEVuNEhDdjNlV0FMRmV2QVhReEx3\" target=\"_blank\">&#8230;hier<\/a>.<\/p>\n","protected":false},"excerpt":{"rendered":"<p>P\u00fcnktlich zum 1. Advent wurde der Jennecker Weihnachtsbaum aufgestellt. Wieder etwas gr\u00f6\u00dfer als in den Vorjahren erstrahlt der Baum auf unserem Spielplatz. Dieses mal sogar mit einem Stern auf der Spitze! Nach getaner Arbeit gab&#8217;s Gl\u00fchwein am gem\u00fctlichen Feuer. Wir danken der Familie Scheel f\u00fcr die Stromversorgung! Ein paar Bilder findet Ihr &#8230;hier.<\/p>\n","protected":false},"author":1001002,"featured_media":0,"comment_status":"closed","ping_status":"closed","sticky":false,"template":"","format":"standard","meta":{"footnotes":""},"categories":[142],"tags":[121],"class_list":["post-3013","post","type-post","status-publish","format-standard","hentry","category-bilder","tag-weihnachten"],"_links":{"self":[{"href":"https:\/\/jennecken.de\/index.php?rest_route=\/wp\/v2\/posts\/3013","targetHints":{"allow":["GET"]}}],"collection":[{"href":"https:\/\/jennecken.de\/index.php?rest_route=\/wp\/v2\/posts"}],"about":[{"href":"https:\/\/jennecken.de\/index.php?rest_route=\/wp\/v2\/types\/post"}],"author":[{"embeddable":true,"href":"https:\/\/jennecken.de\/index.php?rest_route=\/wp\/v2\/users\/1001002"}],"replies":[{"embeddable":true,"href":"https:\/\/jennecken.de\/index.php?rest_route=%2Fwp%2Fv2%2Fcomments&post=3013"}],"version-history":[{"count":5,"href":"https:\/\/jennecken.de\/index.php?rest_route=\/wp\/v2\/posts\/3013\/revisions"}],"predecessor-version":[{"id":3307,"href":"https:\/\/jennecken.de\/index.php?rest_route=\/wp\/v2\/posts\/3013\/revisions\/3307"}],"wp:attachment":[{"href":"https:\/\/jennecken.de\/index.php?rest_route=%2Fwp%2Fv2%2Fmedia&parent=3013"}],"wp:term":[{"taxonomy":"category","embeddable":true,"href":"https:\/\/jennecken.de\/index.php?rest_route=%2Fwp%2Fv2%2Fcategories&post=3013"},{"taxonomy":"post_tag","embeddable":true,"href":"https:\/\/jennecken.de\/index.php?rest_route=%2Fwp%2Fv2%2Ftags&post=3013"}],"curies":[{"name":"wp","href":"https:\/\/api.w.org\/{rel}","templated":true}]}}